{"id":87,"date":"2026-08-13T11:00:00","date_gmt":"2026-08-13T14:00:00","guid":{"rendered":"https:\/\/24-7.com.py\/index.php\/2026\/08\/13\/fulgencio-yegros-un-heroe-embotellado\/"},"modified":"2026-08-26T22:46:09","modified_gmt":"2026-08-27T01:46:09","slug":"fulgencio-yegros-un-heroe-embotellado","status":"publish","type":"post","link":"https:\/\/24-7.com.py\/index.php\/2026\/08\/13\/fulgencio-yegros-un-heroe-embotellado\/","title":{"rendered":"Fulgencio Yegros, un h\u00e9roe embotellado"},"content":{"rendered":"\n<figure class=\"wp-block-image size-large\"><img loading=\"lazy\" decoding=\"async\" width=\"179\" height=\"217\" src=\"https:\/\/24-7.com.py\/wp-content\/uploads\/2026\/08\/hugo-bianchi.jpg\" alt=\"Hugo Bianchi, periodista\" class=\"wp-image-77\"\/><figcaption class=\"wp-element-caption\">Hugo Bianchi, autor de la nota.<\/figcaption><\/figure>\n\n\n\n<p class=\"nota-firma wp-block-paragraph\"><strong>Hugo Bianchi<\/strong><\/p>\n\n\n\n<p class=\"wp-block-paragraph\">Fulgencio Yegros y Franco de Torres y Penayo no solo fue padre de la patria junto con Jos\u00e9 Gaspar Rodr\u00edguez de Francia. Quien naciera en la estancia Santa B\u00e1rbara, departamento de Paraguar\u00ed y padre de cuatro hijos, tambi\u00e9n fue la marca de una bebida, aunque parezca una idea loca.<\/p>\n\n\n\n<p class=\"wp-block-paragraph\">Y es que all\u00e1 por el correr del a\u00f1o 1888, noviembre precisamente, el Almac\u00e9n &#8220;El Sin Rival&#8221; empez\u00f3 a distribuir la bebida que m\u00e1s consumen los paraguayos, esos hijos de padres y abuelos con mil batallas encima y una sed inacabable, porque dicen los datos que un compatriota de esta tierra guaran\u00ed le hace espacio a unos 70 a 80 litros de la bebida espumosa cada 12 meses.<\/p>\n\n\n\n<p class=\"wp-block-paragraph\">Y ah\u00ed est\u00e1, la primera cerveza hecha y tomada en Paraguay fue la &#8220;Fulgencio Yegros&#8221;. Ni m\u00e1s, ni menos. Y capaz, hoy d\u00eda, aunque la &#8220;Fulgencio&#8221; ya no est\u00e9 para ser servido, el promedio haya ascendido en consumo, dado el clima caluroso que abraza m\u00e1s meses que los que tiene asignado.<\/p>\n\n\n\n<p class=\"wp-block-paragraph\">Muchos conocen a este h\u00e9roe qu\u00e9 fue ejecutado tras intentar derrocar a Jos\u00e9 Gaspar, y tal vez tambi\u00e9n muchos sepan que tuvo su nombre pegado a un envase de vidrio que alegraba a quienes lo trataban con cari\u00f1o y a quienes otorgaba un sabor fresco y agradable que ayudaba a compartir las antiguas tertulias.<\/p>\n\n\n\n<figure class=\"wp-block-image size-large\"><img loading=\"lazy\" decoding=\"async\" width=\"330\" height=\"533\" src=\"https:\/\/24-7.com.py\/wp-content\/uploads\/2026\/08\/fulgencio-yegros-retrato.jpg\" alt=\"Retrato del pr\u00f3cer Fulgencio Yegros y Franco de Torres y Penayo\" class=\"wp-image-78\" srcset=\"https:\/\/24-7.com.py\/wp-content\/uploads\/2026\/08\/fulgencio-yegros-retrato.jpg 330w, https:\/\/24-7.com.py\/wp-content\/uploads\/2026\/08\/fulgencio-yegros-retrato-186x300.jpg 186w\" sizes=\"auto, (max-width: 330px) 100vw, 330px\" \/><figcaption class=\"wp-element-caption\">Fulgencio Yegros y Franco de Torres y Penayo, pr\u00f3cer de la independencia.<\/figcaption><\/figure>\n\n\n\n<figure class=\"wp-block-image size-large\"><img loading=\"lazy\" decoding=\"async\" width=\"519\" height=\"521\" src=\"https:\/\/24-7.com.py\/wp-content\/uploads\/2026\/08\/cerveza-fulgencio-yegros.jpg\" alt=\"Botella de la cerveza \u00abFulgencio Yegros\u00bb, la primera elaborada en Paraguay\" class=\"wp-image-79\" srcset=\"https:\/\/24-7.com.py\/wp-content\/uploads\/2026\/08\/cerveza-fulgencio-yegros.jpg 519w, https:\/\/24-7.com.py\/wp-content\/uploads\/2026\/08\/cerveza-fulgencio-yegros-300x300.jpg 300w, https:\/\/24-7.com.py\/wp-content\/uploads\/2026\/08\/cerveza-fulgencio-yegros-150x150.jpg 150w\" sizes=\"auto, (max-width: 519px) 100vw, 519px\" \/><figcaption class=\"wp-element-caption\">La \u00abFulgencio Yegros\u00bb, la primera cerveza hecha y tomada en Paraguay.<\/figcaption><\/figure>\n\n\n\n<p class=\"wp-block-paragraph\">El &#8220;Sin Rival&#8221;, fue un almac\u00e9n de Don Lorenzo Parodi, cuyo producto llam\u00f3 la atenci\u00f3n de la ciudadan\u00eda, ya que su atrayente aspecto con la imagen de un h\u00e9roe nacional era casi imposible no pedirlo, aunque sea para probarla. Quienes recuerdan dichos y an\u00e9cdotas de aquellos que la llegaron a probar dicen que era una de las mejores de su clase.<\/p>\n\n\n\n<p class=\"wp-block-paragraph\">Sin duda, la familia que se vino de Espa\u00f1a all\u00e1 por 1600, y que hasta hoy tiene descendientes, no se esperaba que Fulgencio, que tuviera cinco hermanos fuera no s\u00f3lo un pr\u00f3cer a recordar por las generaciones posteriores y que tambi\u00e9n tuviera por decirlo de alguna forma, su propia marca de cerveza.<\/p>\n\n\n\n<p class=\"wp-block-paragraph\">Pocas veces se da en la historia que un militar recordado por su buena actuaci\u00f3n en la defensa de los intereses patrios llegara a tener su rostro etiquetado a una bebida refrescante. Por lo general, se nombraban plazas, calles, parques y hasta ciudades con el nombre de quien supiera destacarse en batallas, pero&#8230; \u00bfuna cerveza? Suena a broma, pero en Paraguay se hizo real.<\/p>\n\n\n\n<p class=\"wp-block-paragraph\">Fulgencio Yegros tuvo as\u00ed, no solo el reconocimiento de su vida con pueblo en el departamento de Caazap\u00e1, que fue la primera ciudad planificada del Paraguay, sino tambi\u00e9n su propia botella con su rostro en ella.<\/p>\n\n\n\n<p class=\"wp-block-paragraph\">S\u00ed, ser\u00eda buena idea reeditarla, pero con aquel sabor, que dec\u00edan era fuerte y brindar al nombre que arriesg\u00f3 su vida en varias batallas.<\/p>\n","protected":false},"excerpt":{"rendered":"<p>En noviembre de 1888 el almac\u00e9n \u00abEl Sin Rival\u00bb empez\u00f3 a distribuir la cerveza \u00abFulgencio Yegros\u00bb, con el rostro del pr\u00f3cer en la etiqueta. Ni m\u00e1s, ni menos.<\/p>\n","protected":false},"author":5,"featured_media":79,"comment_status":"closed","ping_status":"closed","sticky":false,"template":"","format":"standard","meta":{"footnotes":""},"categories":[9,24],"tags":[46,44,45,47],"personalidad":[],"class_list":["post-87","post","type-post","status-publish","format-standard","has-post-thumbnail","hentry","category-cultura","category-historicos","tag-cerveza","tag-fulgencio-yegros","tag-historia","tag-hugo-bianchi"],"_links":{"self":[{"href":"https:\/\/24-7.com.py\/index.php\/wp-json\/wp\/v2\/posts\/87","targetHints":{"allow":["GET"]}}],"collection":[{"href":"https:\/\/24-7.com.py\/index.php\/wp-json\/wp\/v2\/posts"}],"about":[{"href":"https:\/\/24-7.com.py\/index.php\/wp-json\/wp\/v2\/types\/post"}],"author":[{"embeddable":true,"href":"https:\/\/24-7.com.py\/index.php\/wp-json\/wp\/v2\/users\/5"}],"replies":[{"embeddable":true,"href":"https:\/\/24-7.com.py\/index.php\/wp-json\/wp\/v2\/comments?post=87"}],"version-history":[{"count":1,"href":"https:\/\/24-7.com.py\/index.php\/wp-json\/wp\/v2\/posts\/87\/revisions"}],"predecessor-version":[{"id":93,"href":"https:\/\/24-7.com.py\/index.php\/wp-json\/wp\/v2\/posts\/87\/revisions\/93"}],"wp:featuredmedia":[{"embeddable":true,"href":"https:\/\/24-7.com.py\/index.php\/wp-json\/wp\/v2\/media\/79"}],"wp:attachment":[{"href":"https:\/\/24-7.com.py\/index.php\/wp-json\/wp\/v2\/media?parent=87"}],"wp:term":[{"taxonomy":"category","embeddable":true,"href":"https:\/\/24-7.com.py\/index.php\/wp-json\/wp\/v2\/categories?post=87"},{"taxonomy":"post_tag","embeddable":true,"href":"https:\/\/24-7.com.py\/index.php\/wp-json\/wp\/v2\/tags?post=87"},{"taxonomy":"personalidad","embeddable":true,"href":"https:\/\/24-7.com.py\/index.php\/wp-json\/wp\/v2\/personalidad?post=87"}],"curies":[{"name":"wp","href":"https:\/\/api.w.org\/{rel}","templated":true}]}}