{"id":85,"date":"2026-08-13T10:00:00","date_gmt":"2026-08-13T13:00:00","guid":{"rendered":"https:\/\/24-7.com.py\/index.php\/2026\/08\/13\/en-el-feudo-del-creador-la-biblioteca-de-carlos-alfaro\/"},"modified":"2026-08-26T22:46:18","modified_gmt":"2026-08-27T01:46:18","slug":"en-el-feudo-del-creador-la-biblioteca-de-carlos-alfaro","status":"publish","type":"post","link":"https:\/\/24-7.com.py\/index.php\/2026\/08\/13\/en-el-feudo-del-creador-la-biblioteca-de-carlos-alfaro\/","title":{"rendered":"En el feudo del creador, la biblioteca de Carlos Alfaro"},"content":{"rendered":"\n<p class=\"nota-volanta wp-block-paragraph\"><strong>A LOS 70 A\u00d1OS DE INDEGA<\/strong><\/p>\n\n\n\n<figure class=\"wp-block-image size-large\"><img loading=\"lazy\" decoding=\"async\" width=\"301\" height=\"356\" src=\"https:\/\/24-7.com.py\/wp-content\/uploads\/2026\/08\/efrain-martinez-cuevas.jpg\" alt=\"Efra\u00edn Mart\u00ednez Cuevas, escritor y periodista\" class=\"wp-image-74\" srcset=\"https:\/\/24-7.com.py\/wp-content\/uploads\/2026\/08\/efrain-martinez-cuevas.jpg 301w, https:\/\/24-7.com.py\/wp-content\/uploads\/2026\/08\/efrain-martinez-cuevas-254x300.jpg 254w\" sizes=\"auto, (max-width: 301px) 100vw, 301px\" \/><figcaption class=\"wp-element-caption\">Efra\u00edn Mart\u00ednez Cuevas, autor de la nota.<\/figcaption><\/figure>\n\n\n\n<p class=\"nota-firma wp-block-paragraph\"><strong>Efra\u00edn Mart\u00ednez Cuevas (*)<\/strong><\/p>\n\n\n\n<figure class=\"wp-block-image size-large\"><img loading=\"lazy\" decoding=\"async\" width=\"476\" height=\"448\" src=\"https:\/\/24-7.com.py\/wp-content\/uploads\/2026\/08\/carlos-alfaro-sanguiuolo.jpg\" alt=\"Retrato de Carlos Alfaro Sanguiuolo\" class=\"wp-image-75\" srcset=\"https:\/\/24-7.com.py\/wp-content\/uploads\/2026\/08\/carlos-alfaro-sanguiuolo.jpg 476w, https:\/\/24-7.com.py\/wp-content\/uploads\/2026\/08\/carlos-alfaro-sanguiuolo-300x282.jpg 300w\" sizes=\"auto, (max-width: 476px) 100vw, 476px\" \/><figcaption class=\"wp-element-caption\">Carlos Alfaro Sanguiuolo<\/figcaption><\/figure>\n\n\n\n<p class=\"wp-block-paragraph\">&#8220;Yo que me figuraba el para\u00edso bajo la especie de una biblioteca&#8221;, escribi\u00f3 Jorge Luis Borges. Al ingresar por primera vez a la de Carlos Alfaro, por ese aire de intelectualidad que se respira ah\u00ed, me supuse que tambi\u00e9n \u00e9l pensaba igual que Borges. Aquella vez, ya no recuerdo cu\u00e1ndo, me dijo que ah\u00ed era su refugio en los d\u00edas en que no concurr\u00eda a la oficina.<\/p>\n\n\n\n<p class=\"wp-block-paragraph\">La biblioteca ubic\u00f3 con Myrna, su esposa, en la planta alta de la residencia, donde residieron por m\u00e1s de 40 a\u00f1os. Un lugar amplio, al menos de seis por cuatro metros, bien iluminado y aireado. En su biblioteca reinaba el monacal silencio. Exhalaba a flores frescas y a libros antiguos, a rosal y sabidur\u00eda.<\/p>\n\n\n\n<p class=\"wp-block-paragraph\">All\u00ed, su escritorio, fabricado de noble madera y ubicado cerca de una ventana por donde ingresaba el torrente de luz del d\u00eda, constitu\u00eda su consagrado espacio donde discurr\u00eda en sus ideas a las que daba forma de modo a ejecutarla con diligencia en el momento adecuado.<\/p>\n\n\n\n<p class=\"wp-block-paragraph\">S\u00e9 que le gustaba estampar sus reflexiones en el papel o en una novedosa mini grabadora siempre a su alcance. Me imagino que sus inspiraciones se tornaban incandescentes en ese cuarto de libros ordenadamente dispuestos en los anchos y altos anaqueles junto a las cuatro paredes donde se nota la colecci\u00f3n completa de treinta vol\u00famenes de las obras de Balzac, en una parte; la de Maupassant, en otra.<\/p>\n\n\n\n<p class=\"wp-block-paragraph\">Segu\u00eda leyendo con notable avidez las obras de Miguel de Cervantes. El Quijote era uno de sus libros favoritos. Tambi\u00e9n otros autores espa\u00f1oles y algunos connotados latinoamericanos. Era un consumado lector.<\/p>\n\n\n\n<p class=\"wp-block-paragraph\">Camilo Jos\u00e9 Cela, Victorino Abente y Lagos, Homero, Fray Luis de Le\u00f3n, Voltaire, Mar\u00eda Concepci\u00f3n Leyes de Ch\u00e1vez, Arturo P\u00e9rez-Reverte, Le\u00f3n Tolstoi, Jos\u00e9 Saramago, Augusto Roa Bastos entre otros cientos de autores desfilan en los anaqueles que no dejan ver las cuatro paredes de aquella sala, el templo exclusivo de sus libros, sin otros objetos, solo libros; ni estatu\u00edllas de Venus, Minerva, Thot ni de Salom\u00f3n ni bustos de famosos intelectuales ni pinturas ni fotos. El reinado de sus libros que atesor\u00f3 durante toda su vida. Libros muy antiguos y actuales.<\/p>\n\n\n\n<p class=\"wp-block-paragraph\">En una de las paredes, eso s\u00ed, un enorme mapamundi, le gustaba la geograf\u00eda y se\u00f1alar los lugares a los que se refer\u00eda en sus conversaciones con Myrna sobre, por decir, Afganist\u00e1n, Rusia o la extensa China en ese espacio de ciencia, saber, de pura ilustraci\u00f3n.<\/p>\n\n\n\n<p class=\"wp-block-paragraph\">Le gustaba reflexionar e indagar en la conducta del hombre, en los alcances de la ciencia, en el bienestar de las sociedades latinoamericanas. Tambi\u00e9n en los asuntos acad\u00e9micos de la lengua espa\u00f1ola. Dec\u00eda: &#8220;para que sean \u00fatiles, las palabras deben ser compartidas por la comunidad de hablantes y deben ser precisas&#8221;. En cuanto al enemigo del idioma fue conciso: &#8220;La pobreza y la ignorancia&#8221;.<\/p>\n\n\n\n<p class=\"wp-block-paragraph\">Cuando se instal\u00f3 su empresa en Fernando de la Mora lo visit\u00e9 unas cuantas veces. En una de esas visitas, a principios del nuevo milenio, consideraba que no son las nuevas tecnolog\u00edas las que entorpec\u00edan al conocimiento sino la pobreza y la ignorancia.<\/p>\n\n\n\n<p class=\"wp-block-paragraph\">Pese a su car\u00e1cter conservador me dejaba saber que alguna vez escribir\u00eda sobre su vida, de c\u00f3mo hizo su empresa, sobre la sociedad toda, de c\u00f3mo ser mejor pa\u00eds. Ten\u00eda una computadora en su escritorio en la biblioteca de la residencia, a trav\u00e9s de la que se enteraba de todo cuanto le interesaba. Y de vez en vez, escrib\u00eda.<\/p>\n\n\n\n<p class=\"wp-block-paragraph\">Tengo en la memoria cuanto dijo en la biblioteca sobre la instrucci\u00f3n p\u00fablica universal; que fue inventada por la Revoluci\u00f3n Francesa. En este sentido su opini\u00f3n era clara y firme: &#8220;una sociedad democr\u00e1tica necesita ciudadanos formados con capacidad de decisi\u00f3n y elecci\u00f3n&#8221;.<\/p>\n\n\n\n<p class=\"wp-block-paragraph\">Su biblioteca, me daba la impresi\u00f3n, era su territorio a donde ingresaba para escapar de ciertas contaminaciones de orden social y pol\u00edtico. Le impacientaba la tendencia con el sistema educativo aplicado en Paraguay en tiempos democr\u00e1ticos que abandona saberes fundamentales. &#8220;La desaparici\u00f3n del humanitarismo, eso que hace a la sensibilidad y al altruismo, es algo tremendamente da\u00f1ino. Los saberes tradicionales deben ser rescatados&#8221;, me dijo alguna vez y que no olvido.<\/p>\n\n\n\n<p class=\"wp-block-paragraph\">A\u00f1adi\u00f3 en aquella ocasi\u00f3n que si una naci\u00f3n es pr\u00f3spera, se tiene buenas escuelas, buenos editoriales y buenas bibliotecas p\u00fablicas que permiten ciudadanos m\u00e1s buenos, y; con estos, menos hostilidad de los necios, germinados en el \u00fatero de la ignorancia.<\/p>\n\n\n\n<p class=\"wp-block-paragraph\">Al ser privilegiado a visitar su biblioteca yo tambi\u00e9n digo como Borges que si el cielo existiera debe ser como una biblioteca, como la del doctor Alfaro, tal vez&#8230;<\/p>\n\n\n\n<hr class=\"wp-block-separator has-alpha-channel-opacity\"\/>\n\n\n\n<p class=\"nota-pie has-small-font-size wp-block-paragraph\"><em>(1) Del libro &#8220;Carlos Alfaro, el devoto de la literatura francesa&#8221;, EMC, El Foro, Asunci\u00f3n, 2025.<br>(*) Escritor y periodista.<\/em><\/p>\n","protected":false},"excerpt":{"rendered":"<p>\u00abYo que me figuraba el para\u00edso bajo la especie de una biblioteca\u00bb, escribi\u00f3 Borges. Al ingresar por primera vez a la de Carlos Alfaro, me supuse que tambi\u00e9n \u00e9l pensaba igual.<\/p>\n","protected":false},"author":4,"featured_media":75,"comment_status":"closed","ping_status":"closed","sticky":false,"template":"","format":"standard","meta":{"footnotes":""},"categories":[9,27],"tags":[37,38,36,31],"personalidad":[],"class_list":["post-85","post","type-post","status-publish","format-standard","has-post-thumbnail","hentry","category-cultura","category-culturales","tag-carlos-alfaro","tag-efrain-martinez-cuevas","tag-indega","tag-libros"],"_links":{"self":[{"href":"https:\/\/24-7.com.py\/index.php\/wp-json\/wp\/v2\/posts\/85","targetHints":{"allow":["GET"]}}],"collection":[{"href":"https:\/\/24-7.com.py\/index.php\/wp-json\/wp\/v2\/posts"}],"about":[{"href":"https:\/\/24-7.com.py\/index.php\/wp-json\/wp\/v2\/types\/post"}],"author":[{"embeddable":true,"href":"https:\/\/24-7.com.py\/index.php\/wp-json\/wp\/v2\/users\/4"}],"replies":[{"embeddable":true,"href":"https:\/\/24-7.com.py\/index.php\/wp-json\/wp\/v2\/comments?post=85"}],"version-history":[{"count":1,"href":"https:\/\/24-7.com.py\/index.php\/wp-json\/wp\/v2\/posts\/85\/revisions"}],"predecessor-version":[{"id":91,"href":"https:\/\/24-7.com.py\/index.php\/wp-json\/wp\/v2\/posts\/85\/revisions\/91"}],"wp:featuredmedia":[{"embeddable":true,"href":"https:\/\/24-7.com.py\/index.php\/wp-json\/wp\/v2\/media\/75"}],"wp:attachment":[{"href":"https:\/\/24-7.com.py\/index.php\/wp-json\/wp\/v2\/media?parent=85"}],"wp:term":[{"taxonomy":"category","embeddable":true,"href":"https:\/\/24-7.com.py\/index.php\/wp-json\/wp\/v2\/categories?post=85"},{"taxonomy":"post_tag","embeddable":true,"href":"https:\/\/24-7.com.py\/index.php\/wp-json\/wp\/v2\/tags?post=85"},{"taxonomy":"personalidad","embeddable":true,"href":"https:\/\/24-7.com.py\/index.php\/wp-json\/wp\/v2\/personalidad?post=85"}],"curies":[{"name":"wp","href":"https:\/\/api.w.org\/{rel}","templated":true}]}}