{"id":84,"date":"2026-08-13T09:00:00","date_gmt":"2026-08-13T12:00:00","guid":{"rendered":"https:\/\/24-7.com.py\/index.php\/2026\/08\/13\/por-que-dios-permite-los-terremotos\/"},"modified":"2026-08-13T17:32:41","modified_gmt":"2026-08-13T20:32:41","slug":"por-que-dios-permite-los-terremotos","status":"publish","type":"post","link":"https:\/\/24-7.com.py\/index.php\/2026\/08\/13\/por-que-dios-permite-los-terremotos\/","title":{"rendered":"\u00bfPor qu\u00e9 Dios permite los terremotos?"},"content":{"rendered":"\n<figure class=\"wp-block-image size-large\"><img loading=\"lazy\" decoding=\"async\" width=\"209\" height=\"322\" src=\"https:\/\/24-7.com.py\/wp-content\/uploads\/2026\/08\/carlos-alberto-rodriguez.jpg\" alt=\"Carlos Alberto Rodr\u00edguez, periodista\" class=\"wp-image-73\" srcset=\"https:\/\/24-7.com.py\/wp-content\/uploads\/2026\/08\/carlos-alberto-rodriguez.jpg 209w, https:\/\/24-7.com.py\/wp-content\/uploads\/2026\/08\/carlos-alberto-rodriguez-195x300.jpg 195w\" sizes=\"auto, (max-width: 209px) 100vw, 209px\" \/><figcaption class=\"wp-element-caption\">Carlos Alberto Rodr\u00edguez.<\/figcaption><\/figure>\n\n\n\n<p class=\"nota-firma wp-block-paragraph\"><strong>Carlos Alberto Rodr\u00edguez (*)<\/strong><\/p>\n\n\n\n<figure class=\"wp-block-pullquote\"><blockquote><p>&#8220;Porque sabemos que toda la creaci\u00f3n gime a una, y a una est\u00e1 con dolores de parto hasta ahora&#8221;.<\/p><cite>Romanos 8:22<\/cite><\/blockquote><\/figure>\n\n\n\n<p class=\"wp-block-paragraph\">Violento terremoto en Venezuela hace unas semanas, ahora otro sismo en Colombia. Las alarmas est\u00e1n encendidas en la regi\u00f3n y reflexionamos que felizmente Paraguay no est\u00e1 en la zona de inestabilidad de los cimientos de la Tierra, ah\u00ed donde las placas tect\u00f3nicas colisionan una contra otra generando los temblores destructivos.<\/p>\n\n\n\n<p class=\"wp-block-paragraph\">No estamos preparados para soportar un sismo como los ocurridos. Nuestras construcciones no son antis\u00edsmicas, pero est\u00e1 escrito que la creaci\u00f3n gime &#8220;con dolores de parto&#8221; en se\u00f1al de que hay preparativos para un alumbramiento y eso se refiere a la reaparici\u00f3n de la luz por estas comarcas, la segunda venida de Cristo.<\/p>\n\n\n\n<p class=\"wp-block-paragraph\">Cuando acontecen los desastres, surge la pregunta: \u00bfSi Dios existe por qu\u00e9 ocurren todas estas cosas? Y esa pregunta irremediablemente nos lleva a reflexionar sobre un contexto amplio. Si la naturaleza gime con dolores de parto necesitamos entender que debemos prepararnos para ese parto.<\/p>\n\n\n\n<p class=\"wp-block-paragraph\">Una madre embarazada sabe que cuando sufre las contracciones (dolores de parto) no debe preguntar por qu\u00e9 ocurren sino que se prepara para decirle al esposo que lleg\u00f3 la hora de ir al hospital. El alumbramiento est\u00e1 pr\u00f3ximo.<\/p>\n\n\n\n<p class=\"wp-block-paragraph\">Con relaci\u00f3n al gemido de la Tierra, cambia la pregunta \u00bfQu\u00e9 debemos hacer cuando vemos incendios en Europa, guerras y rumores de guerra, erupciones volc\u00e1nicas, terremotos, el fen\u00f3meno &#8220;El Ni\u00f1o&#8221; todo al un\u00edsono azotando distintas naciones del planeta?<\/p>\n\n\n\n<p class=\"wp-block-paragraph\">Todos son signos que el mismo Jes\u00fas nos dio para entender que se acercaba el tiempo de su venida. Y nos envi\u00f3 el mensaje por conducto de Pablo: &#8220;Y que el mismo Dios de paz os santifique por completo; y que todo vuestro ser, esp\u00edritu, alma y cuerpo, sea preservado irreprensible para la venida de nuestro Se\u00f1or Jesucristo&#8221;. (1 Tesalonicenses 5:23)<\/p>\n\n\n\n<p class=\"wp-block-paragraph\">El problema es que el mundo est\u00e1 tan distra\u00eddo en deleites, farras y conflictos que el Se\u00f1or necesita sacudirnos para despertarnos de nuestra modorra espiritual. Y claro, cuando ocurre un desastre natural inmediatamente levantamos la mirada al cielo. S\u00f3lo as\u00ed muchos se acuerdan de que Dios est\u00e1 esper\u00e1ndonos con los brazos abiertos a que volvamos a \u00c9l para que por conducto de su Hijo, nos d\u00e9 su perd\u00f3n y salvaci\u00f3n.<\/p>\n\n\n\n<p class=\"wp-block-paragraph\">No deber\u00edamos tener una mera visi\u00f3n terrenal sino una visi\u00f3n de eternidad. No somos seres terrenales con una experiencia espiritual. Somos seres espirituales con una experiencia terrenal, pasajera, una mera pasant\u00eda porque nos fue dada &#8212;por fe&#8212; la potestad de ser ciudadanos eternos del cielo. Escrito est\u00e1:<\/p>\n\n\n\n<p class=\"wp-block-paragraph\">&#8220;Mas nuestra ciudadan\u00eda est\u00e1 en los cielos, de donde tambi\u00e9n esperamos al Salvador, al Se\u00f1or Jesucristo; el cual transformar\u00e1 el cuerpo de la humillaci\u00f3n nuestra, para que sea semejante al cuerpo de la gloria suya, por el poder con el cual puede tambi\u00e9n sujetar a s\u00ed mismo todas las cosas&#8221;. (Filipenses 3:20,21)<\/p>\n\n\n\n<p class=\"wp-block-paragraph\">Son tiempos de preparaci\u00f3n espiritual, de cambiar nuestra mente, nuestra visi\u00f3n interpretando los tiempos y como consecuencia, ponernos a cuentas con Dios que nos dice: &#8220;Venid luego, dice el Se\u00f1or, y estemos a cuenta: si vuestros pecados fueren como la grana, como la nieve ser\u00e1n emblanquecidos; si fueren rojos como el carmes\u00ed, vendr\u00e1n a ser como blanca lana&#8221;. (Isa\u00edas 1:8)<\/p>\n\n\n\n<p class=\"wp-block-paragraph\">Dice &#8220;venid&#8221;, es necesario recurrir a \u00c9l arrepentidos y pedirle perd\u00f3n en el nombre de Jes\u00fas para obtener esa ciudadan\u00eda celestial que nos fue prometida.<\/p>\n\n\n\n<hr class=\"wp-block-separator has-alpha-channel-opacity\"\/>\n\n\n\n<p class=\"nota-pie has-small-font-size wp-block-paragraph\"><em>(*) Periodista.<\/em><\/p>\n","protected":false},"excerpt":{"rendered":"<p>Cuando acontecen los desastres surge la pregunta: \u00bfsi Dios existe, por qu\u00e9 ocurren todas estas cosas? Carlos Alberto Rodr\u00edguez reflexiona sobre los tiempos de preparaci\u00f3n espiritual.<\/p>\n","protected":false},"author":3,"featured_media":73,"comment_status":"closed","ping_status":"closed","sticky":false,"template":"","format":"standard","meta":{"footnotes":""},"categories":[28,10],"tags":[35,34,33],"personalidad":[],"class_list":["post-84","post","type-post","status-publish","format-standard","has-post-thumbnail","hentry","category-dios-patria-y-familia","category-opinion","tag-carlos-alberto-rodriguez","tag-columna","tag-dios-patria-y-familia"],"_links":{"self":[{"href":"https:\/\/24-7.com.py\/index.php\/wp-json\/wp\/v2\/posts\/84","targetHints":{"allow":["GET"]}}],"collection":[{"href":"https:\/\/24-7.com.py\/index.php\/wp-json\/wp\/v2\/posts"}],"about":[{"href":"https:\/\/24-7.com.py\/index.php\/wp-json\/wp\/v2\/types\/post"}],"author":[{"embeddable":true,"href":"https:\/\/24-7.com.py\/index.php\/wp-json\/wp\/v2\/users\/3"}],"replies":[{"embeddable":true,"href":"https:\/\/24-7.com.py\/index.php\/wp-json\/wp\/v2\/comments?post=84"}],"version-history":[{"count":2,"href":"https:\/\/24-7.com.py\/index.php\/wp-json\/wp\/v2\/posts\/84\/revisions"}],"predecessor-version":[{"id":111,"href":"https:\/\/24-7.com.py\/index.php\/wp-json\/wp\/v2\/posts\/84\/revisions\/111"}],"wp:featuredmedia":[{"embeddable":true,"href":"https:\/\/24-7.com.py\/index.php\/wp-json\/wp\/v2\/media\/73"}],"wp:attachment":[{"href":"https:\/\/24-7.com.py\/index.php\/wp-json\/wp\/v2\/media?parent=84"}],"wp:term":[{"taxonomy":"category","embeddable":true,"href":"https:\/\/24-7.com.py\/index.php\/wp-json\/wp\/v2\/categories?post=84"},{"taxonomy":"post_tag","embeddable":true,"href":"https:\/\/24-7.com.py\/index.php\/wp-json\/wp\/v2\/tags?post=84"},{"taxonomy":"personalidad","embeddable":true,"href":"https:\/\/24-7.com.py\/index.php\/wp-json\/wp\/v2\/personalidad?post=84"}],"curies":[{"name":"wp","href":"https:\/\/api.w.org\/{rel}","templated":true}]}}