{"id":83,"date":"2026-08-13T08:00:00","date_gmt":"2026-08-13T11:00:00","guid":{"rendered":"https:\/\/24-7.com.py\/index.php\/2026\/08\/13\/historia-de-la-radio-paraguaya-en-un-libro\/"},"modified":"2026-08-26T22:46:29","modified_gmt":"2026-08-27T01:46:29","slug":"historia-de-la-radio-paraguaya-en-un-libro","status":"publish","type":"post","link":"https:\/\/24-7.com.py\/index.php\/2026\/08\/13\/historia-de-la-radio-paraguaya-en-un-libro\/","title":{"rendered":"Historia de la radio paraguaya en un libro"},"content":{"rendered":"\n<figure class=\"wp-block-image size-large\"><img loading=\"lazy\" decoding=\"async\" width=\"286\" height=\"309\" src=\"https:\/\/24-7.com.py\/wp-content\/uploads\/2026\/08\/eduardo-palacios.jpg\" alt=\"Eduardo Palacios, locutor, abogado y periodista\" class=\"wp-image-71\" srcset=\"https:\/\/24-7.com.py\/wp-content\/uploads\/2026\/08\/eduardo-palacios.jpg 286w, https:\/\/24-7.com.py\/wp-content\/uploads\/2026\/08\/eduardo-palacios-278x300.jpg 278w\" sizes=\"auto, (max-width: 286px) 100vw, 286px\" \/><figcaption class=\"wp-element-caption\">Eduardo Palacios, autor de la obra.<\/figcaption><\/figure>\n\n\n\n<p class=\"nota-firma wp-block-paragraph\"><strong>Eduardo Palacios (*)<\/strong><\/p>\n\n\n\n<p class=\"wp-block-paragraph\">Es este libro, lanzado en junio en la Feria Internacional del Libro FIL-Asunci\u00f3n, resumo la primera parte de la historia de la radiofon\u00eda paraguaya, un tema, por dem\u00e1s apasionante.<\/p>\n\n\n\n<p class=\"wp-block-paragraph\">La obra es fruto de un extenso trabajo de investigaci\u00f3n hist\u00f3rica sobre lo que fue la radiofon\u00eda paraguaya, entre los a\u00f1os 1924 y 1965, per\u00edodo que abarca la investigaci\u00f3n, cuya primera parte tendr\u00e1 continuidad en el siguiente libro, ya en preparaci\u00f3n.<\/p>\n\n\n\n<p class=\"wp-block-paragraph\">En esta obra acopio los aspectos m\u00e1s sobresalientes de esa \u00e9poca en la radio paraguaya.<\/p>\n\n\n\n<p class=\"wp-block-paragraph\">En las pasadas d\u00e9cadas, la radio era un gran atractivo para la diversi\u00f3n, fuente de cultura y escenario obligado de los artistas nacionales y extranjeros.<\/p>\n\n\n\n<figure class=\"wp-block-image size-large\"><img loading=\"lazy\" decoding=\"async\" width=\"488\" height=\"475\" src=\"https:\/\/24-7.com.py\/wp-content\/uploads\/2026\/08\/historias-de-la-radio-en-paraguay-portada.jpg\" alt=\"Portada del libro \u00abHistorias de la radio en Paraguay\u00bb, de Eduardo Palacios\" class=\"wp-image-72\" srcset=\"https:\/\/24-7.com.py\/wp-content\/uploads\/2026\/08\/historias-de-la-radio-en-paraguay-portada.jpg 488w, https:\/\/24-7.com.py\/wp-content\/uploads\/2026\/08\/historias-de-la-radio-en-paraguay-portada-300x292.jpg 300w\" sizes=\"auto, (max-width: 488px) 100vw, 488px\" \/><figcaption class=\"wp-element-caption\">Portada del libro.<\/figcaption><\/figure>\n\n\n\n<p class=\"wp-block-paragraph\">El contenido de la obra est\u00e1 dividido en los siguientes cap\u00edtulos: 1- Protagonistas de la radio, 2- La radio y sus \u00e9pocas, 3- Emisoras y programas en el recuerdo, 4- Mujeres y hombres de la radio, 5- La radio desde el interior del pa\u00eds, y 6- Otros aspectos del anecdotario radial.<\/p>\n\n\n\n<p class=\"wp-block-paragraph\">El pr\u00f3logo corresponde al escritor y periodista Mario Ferreiro. En el lanzamiento de la obra fue presentado por el escritor y periodista Mario Rub\u00e9n \u00c1lvarez. La edici\u00f3n estuvo a cargo del sello editorial L\u00ednea de Tiempo.<\/p>\n\n\n\n<h2 class=\"wp-block-heading\">El aporte de la radio<\/h2>\n\n\n\n<p class=\"wp-block-paragraph\">Las primeras se\u00f1ales de emisi\u00f3n, el 20 de julio de 1924, constituyen un hito hist\u00f3rico, ya que nunca antes, como en ese entonces, hubo emisiones radiales que la historia recogiera. En la fecha citada, un alem\u00e1n, Rodolfo Striker, quien viv\u00eda 6 meses en San Bernardino, donde montara su equipo transmisor, emiti\u00f3 las primeras se\u00f1ales de radio en onda corta, siendo recepcionadas en Asunci\u00f3n por Alfonso S\u00e1, un pionero en el montaje de equipos de radio aficionados.<\/p>\n\n\n\n<p class=\"wp-block-paragraph\">A partir de ese hito, en los a\u00f1os siguientes comenzar\u00eda la explotaci\u00f3n comercial de las frecuencias, entonces administradas por la Direcci\u00f3n Nacional de Correos y Tel\u00e9grafos, instituci\u00f3n gubernamental responsable y contralor del espectro radiotelef\u00f3nico.<\/p>\n\n\n\n<hr class=\"wp-block-separator has-alpha-channel-opacity\"\/>\n\n\n\n<p class=\"nota-pie has-small-font-size wp-block-paragraph\"><em>(*) Locutor, abogado y periodista.<\/em><\/p>\n","protected":false},"excerpt":{"rendered":"<p>Eduardo Palacios re\u00fane en un libro los aspectos m\u00e1s sobresalientes de la radiofon\u00eda paraguaya entre 1924 y 1965, una \u00e9poca en que la radio era fuente de cultura y escenario obligado de los artistas.<\/p>\n","protected":false},"author":2,"featured_media":72,"comment_status":"closed","ping_status":"closed","sticky":false,"template":"","format":"standard","meta":{"footnotes":""},"categories":[9],"tags":[29,32,31,30],"personalidad":[],"class_list":["post-83","post","type-post","status-publish","format-standard","has-post-thumbnail","hentry","category-cultura","tag-culturales","tag-eduardo-palacios","tag-libros","tag-radio"],"_links":{"self":[{"href":"https:\/\/24-7.com.py\/index.php\/wp-json\/wp\/v2\/posts\/83","targetHints":{"allow":["GET"]}}],"collection":[{"href":"https:\/\/24-7.com.py\/index.php\/wp-json\/wp\/v2\/posts"}],"about":[{"href":"https:\/\/24-7.com.py\/index.php\/wp-json\/wp\/v2\/types\/post"}],"author":[{"embeddable":true,"href":"https:\/\/24-7.com.py\/index.php\/wp-json\/wp\/v2\/users\/2"}],"replies":[{"embeddable":true,"href":"https:\/\/24-7.com.py\/index.php\/wp-json\/wp\/v2\/comments?post=83"}],"version-history":[{"count":1,"href":"https:\/\/24-7.com.py\/index.php\/wp-json\/wp\/v2\/posts\/83\/revisions"}],"predecessor-version":[{"id":89,"href":"https:\/\/24-7.com.py\/index.php\/wp-json\/wp\/v2\/posts\/83\/revisions\/89"}],"wp:featuredmedia":[{"embeddable":true,"href":"https:\/\/24-7.com.py\/index.php\/wp-json\/wp\/v2\/media\/72"}],"wp:attachment":[{"href":"https:\/\/24-7.com.py\/index.php\/wp-json\/wp\/v2\/media?parent=83"}],"wp:term":[{"taxonomy":"category","embeddable":true,"href":"https:\/\/24-7.com.py\/index.php\/wp-json\/wp\/v2\/categories?post=83"},{"taxonomy":"post_tag","embeddable":true,"href":"https:\/\/24-7.com.py\/index.php\/wp-json\/wp\/v2\/tags?post=83"},{"taxonomy":"personalidad","embeddable":true,"href":"https:\/\/24-7.com.py\/index.php\/wp-json\/wp\/v2\/personalidad?post=83"}],"curies":[{"name":"wp","href":"https:\/\/api.w.org\/{rel}","templated":true}]}}