{"id":656,"date":"2026-09-03T04:01:46","date_gmt":"2026-09-03T07:01:46","guid":{"rendered":"https:\/\/24-7.com.py\/?p=656"},"modified":"2026-09-03T10:21:01","modified_gmt":"2026-09-03T13:21:01","slug":"el-corporativismo-nos-esta-llevando-a-una-gremiocracia","status":"publish","type":"post","link":"https:\/\/24-7.com.py\/index.php\/2026\/09\/03\/el-corporativismo-nos-esta-llevando-a-una-gremiocracia\/","title":{"rendered":"\u00bfEL CORPORATIVISMO NOS EST\u00c1 LLEVANDO A UNA GREMIOCR\u00c1CIA?"},"content":{"rendered":"<p>La democracia paraguaya enfrenta un grave problema que se llama corporativismo. Los sectores poderosos se erigen en la prioridad de las decisiones pol\u00edticas por su mayor capacidad de presionar, marginando sectores d\u00e9biles.<\/p>\n<p>La democracia se define como un sistema pol\u00edtico y de organizaci\u00f3n del Estado en el que la soberan\u00eda y el poder de decisi\u00f3n residen en el pueblo. Hoy ese panorama va cambiando aceleradamente debido a que las fuerzas de presi\u00f3n apuntan a que las decisiones no residan en el pueblo sino en los grupos de poder que priorizan sus intereses.<\/p>\n<p>Que 20 enfermos de c\u00e1ncer con sus seres queridos sosteniendo los tubos de quimio reclamen derechos en las veredas del hospital, no tienen la misma fuerza de gremios y grupos empresariales con equipos de abogados que hacen \u201clobby\u201d en las instancias de gobierno para exigir decisiones favorables a sus intereses.<\/p>\n<p>No quiere decir que los cancerosos carezcan de importancia. Se ha visto en pa\u00edses europeos que cuando los gobiernos debieron asignar m\u00e1s recursos para atender el cuidado de la salud, decidieron en favor de grupos lgbt+ que reclamaban costosos medicamentos para el HIV e incluso para la provisi\u00f3n de hormonas a los transexuales.<\/p>\n<p>\u00bfEs deber del Estado proveerles hormonas a los homosexuales? El punto es que est\u00e1n organizados como grupos de presi\u00f3n y los enfermos de c\u00e1ncer no y entonces sus dolorosos tumores importan menos. Las sociedades se encuentran ante un escenario que distorsiona el cuadro de prioridades.<\/p>\n<p>Un gobierno puede tener clara la pel\u00edcula de los sectores a los cuales asignar mayores recursos pero el sistema corporativo de grupos empresariales y gremios, ejerce una acci\u00f3n de fuerza y crea una crisis artificial, un incendio y el gobierno debe acudir a apagarlo reorientando el gasto p\u00fablico..<\/p>\n<p>Es decir, hay sectores que est\u00e1n organizados para echar le\u00f1a al fuego que organizan a fin de crear \u201cdramas sociales\u201d por ejemplo de profesionales que ganan 5 millones de guaran\u00edes mensuales por 12 horas semanales, como si se estuvieran muriendo de hambre.<\/p>\n<p>En otros pa\u00edses los gobiernos fortalecieron sus estructuras para ejercer un contrapoder, una contrapresi\u00f3n y defender sus agendas. Hoy se comenta que durante el gobierno anterior se opt\u00f3 por parar las campa\u00f1as de la prensa, asignando exhorbitantes montos del presupuesto p\u00fablico a la propaganda del Estado.<\/p>\n<p>Entonces, los medios embolsaron dinero fresco que en realidad parec\u00eda m\u00e1s un soborno a la prensa como pago de publicidad innecesaria. El perjuicio era para sectores d\u00e9biles que necesitaban ese presupuesto mal utilizado para cubrir su cuidado m\u00e9dico. Y las personas con tumores dif\u00edcilmente puedan armar un grupo de poder. No tienen posibilidades en el esquema que caracteriza a nuestra democracia que se va convirtiendo en gremiocracia.<\/p>\n<p>Enfrentar esa distorsi\u00f3n del sistema exige un discurso firme y una actitud coherente de parte de quienes deben parar sus apetencias. Los individuos tienen escasa posibilidad de hacer valer sus derechos frente en este contexto pues se ve pisoteado por los fuertes.<\/p>\n<p>Y al final surge la pregunta que nos debe preocupar: Si las corporaciones se van imponiendo en nuestra democracia \u00bfEs mejor asociarnos a un partido pol\u00edtico para pelear por mejores d\u00edas para nuestras vidas o es m\u00e1s eficiente orientarnos a formar corporaciones para lograr mejores objetivos?<\/p>\n<p>Estamos volviendo a las cavernas donde primaba el que ten\u00eda la fuerza de cargar con el garrote m\u00e1s grande. Que quede claro, el gobierno tiene la exclusiva potestad legal de usar la fuerza.<\/p>\n<p>Nadie m\u00e1s.<\/p>\n","protected":false},"excerpt":{"rendered":"<p>La democracia paraguaya enfrenta un grave problema que se llama corporativismo. Los sectores poderosos se erigen en la prioridad de las decisiones pol\u00edticas por su mayor capacidad de&hellip;<\/p>\n","protected":false},"author":3,"featured_media":0,"comment_status":"closed","ping_status":"closed","sticky":false,"template":"","format":"standard","meta":{"footnotes":""},"categories":[28],"tags":[],"personalidad":[],"class_list":["post-656","post","type-post","status-publish","format-standard","hentry","category-dios-patria-y-familia"],"_links":{"self":[{"href":"https:\/\/24-7.com.py\/index.php\/wp-json\/wp\/v2\/posts\/656","targetHints":{"allow":["GET"]}}],"collection":[{"href":"https:\/\/24-7.com.py\/index.php\/wp-json\/wp\/v2\/posts"}],"about":[{"href":"https:\/\/24-7.com.py\/index.php\/wp-json\/wp\/v2\/types\/post"}],"author":[{"embeddable":true,"href":"https:\/\/24-7.com.py\/index.php\/wp-json\/wp\/v2\/users\/3"}],"replies":[{"embeddable":true,"href":"https:\/\/24-7.com.py\/index.php\/wp-json\/wp\/v2\/comments?post=656"}],"version-history":[{"count":2,"href":"https:\/\/24-7.com.py\/index.php\/wp-json\/wp\/v2\/posts\/656\/revisions"}],"predecessor-version":[{"id":670,"href":"https:\/\/24-7.com.py\/index.php\/wp-json\/wp\/v2\/posts\/656\/revisions\/670"}],"wp:attachment":[{"href":"https:\/\/24-7.com.py\/index.php\/wp-json\/wp\/v2\/media?parent=656"}],"wp:term":[{"taxonomy":"category","embeddable":true,"href":"https:\/\/24-7.com.py\/index.php\/wp-json\/wp\/v2\/categories?post=656"},{"taxonomy":"post_tag","embeddable":true,"href":"https:\/\/24-7.com.py\/index.php\/wp-json\/wp\/v2\/tags?post=656"},{"taxonomy":"personalidad","embeddable":true,"href":"https:\/\/24-7.com.py\/index.php\/wp-json\/wp\/v2\/personalidad?post=656"}],"curies":[{"name":"wp","href":"https:\/\/api.w.org\/{rel}","templated":true}]}}