{"id":653,"date":"2026-09-03T04:05:46","date_gmt":"2026-09-03T07:05:46","guid":{"rendered":"https:\/\/24-7.com.py\/?p=653"},"modified":"2026-09-02T21:42:39","modified_gmt":"2026-09-03T00:42:39","slug":"la-emisora-del-estado-una-radio-con-historia","status":"publish","type":"post","link":"https:\/\/24-7.com.py\/index.php\/2026\/09\/03\/la-emisora-del-estado-una-radio-con-historia\/","title":{"rendered":"LA EMISORA DEL ESTADO,  UNA RADIO CON HISTORIA"},"content":{"rendered":"<p>Fachada de los estudios centrales de Radio Nacional del Paraguay (foto tomada en bicentenario de la independencia nacional).<\/p>\n<p>Por muchos a\u00f1os identificada con una l\u00ednea de programaci\u00f3n bien definida, donde las expresiones genuinas del acervo musical paraguayo constitu\u00eda el eje central, con el correr de los a\u00f1os la emisora oficial del Estado paraguayo, como se la identificaba antiguamente, pas\u00f3 a formar parte de una estructura ministerial con otros medios radiales, tambi\u00e9n estatales, sobresaliendo su historia, relatada por destacadas voces de la radiofon\u00eda paraguaya y cientos de exponentes de la cultura nacional,\u00a0 grupos musicales y artistas que tuvieron en la radio su primer escenario art\u00edstico.<\/p>\n<p>El 2 de setiembre de 1942, el presidente, general Higinio Morinigo, firmaba el decreto N\u00b0 14.427, por el cual se dispon\u00eda la salida al aire de ZPA 1 Radio del Estado, precursora de la que con el correr de los a\u00f1os fue Radio Nacional del Paraguay.<\/p>\n<p>La nobel emisora estatal ya se encontraba en ese entonces transmitiendo en forma experimental, mediante los equipos donados al Estado paraguayo por el se\u00f1or Jaime Jankelevich, pionero de la radio y la televisi\u00f3n argentina, por esos a\u00f1os director propietario de Radio Belgrano de Buenos Aires.<\/p>\n<p>En contrapartida, el gobierno del presidente Morinigo autoriz\u00f3 la instalaci\u00f3n y las emisiones de Radio Belgrano, desde la ciudad de Encarnaci\u00f3n, hecho que no dur\u00f3 muchos meses, procediendo tambi\u00e9n Jankelevich a regalar los equipos transmisores de la potente emisora argentina al gobierno paraguayo, dando lugar a la creaci\u00f3n y salida al aire en ese mismo a\u00f1o, de ZP5 Radio Encarnaci\u00f3n.<\/p>\n<p>La ZPA 1, a partir de los a\u00f1os 1943-44, comenz\u00f3 a emitir tambi\u00e9n en amplitud modulada (AM), desde el local de las calles\u00a0 Eduardo V\u00edctor Haedo 546 entre 14 de mayo y 15 de agosto, donde permanecer\u00eda hasta el a\u00f1o 1972 en que los estudios se trasladar\u00edan hasta el edificio del Ministerio de Obras P\u00fablicas, en Oliva y Alberdi, 6to piso, y de ah\u00ed hasta el ex local del Ministerio del Interior, en Estrella y Montevideo, para finalmente asentarse en el local propio, donde se encuentra actualmente, en las calles Blas Garay entre Iturbe y Caballero.<\/p>\n<p>VOCES INOLVIDABLES<\/p>\n<p>El primer director de la emisora fue el teniente primero de reserva Anastasio Rol\u00f3n Medina, ex combatiente de la guerra del Chaco, poeta y escritor nacional, destacado hombre de letras por sus obras de orientaci\u00f3n nacionalista, en los a\u00f1os 30, cuyos libros fueron prologados por otros tantos afamados escritores paraguayos como Manuel Dom\u00ednguez y Juan Stefanich. A este ilustre escritor sucedi\u00f3 en el cargo, en la direcci\u00f3n de Radio Nacional, la no menos ilustre escritora Mar\u00eda Concepci\u00f3n Leyes de Chaves, siendo la primera mujer en ocupar la direcci\u00f3n de la emisora estatal.<\/p>\n<p>Una de las caracter\u00edsticas de las emisiones de Radio Nacional, fue la selecci\u00f3n de voces que llevaban adelante las programaciones, destac\u00e1ndose entre otros a V\u00edctor Mont\u00f3rfano, el primer locutor de la radio que dio apertura a su transmisi\u00f3n inaugural del 2 de setiembre de 1942.<\/p>\n<p>V\u00edctor Mont\u00f3rfano, nombre art\u00edstico adoptado por V\u00edctor Ben\u00edtez Mont\u00f3rfano, su nombre y apellidos leg\u00edtimos, fue tambi\u00e9n director de la emisora a mediados de la d\u00e9cada de los a\u00f1os \u00b440, adem\u00e1s, fue prol\u00edfico poeta destac\u00e1ndose entre sus obras, <em>Tetagua Sapucai<\/em>, con m\u00fasica de F\u00e9lix P\u00e9rez Cardozo, y\u00a0 <em>Mburicao<\/em>, con m\u00fasica de Jos\u00e9 Asunci\u00f3n Flores, por citar solo algunas de las m\u00e1s reconocidas.<\/p>\n<p>En los a\u00f1os 40 igualmente sobresalieron las voces de Juan Domingo Gonz\u00e1lez, quien luego se desempe\u00f1\u00f3 en la carrera diplom\u00e1tica en pa\u00edses europeos; Am\u00e9rico Gonz\u00e1lez, un destacado locutor no solo de Radio Nacional sino de otras importantes emisoras capitalinas; Juan B. Cazal, quien estuvo en las funciones de locutor hasta mediados de los a\u00f1os 80.<\/p>\n<p>En los a\u00f1os 50 sumaron sus voces a la radio del Estado, Ad\u00e1n Godoy Gim\u00e9nez, Dante Cazal, Dante Benedetti, el Dr. Luis G. Ben\u00edtez, destacado historiador nacional; Ricardo Sanabria, gran locutor y actor nacional, Oscar Mingo Regis, y otros excelentes locutores.<\/p>\n<p>Una radio con historia fue la ZP 1, las sucesivas administraciones gubernamentales, fueron modificando su estructura, dejando de ser la emisora oficial del Estado Paraguayo, siendo actualmente un organismo dependiente del Ministerio de Tecnologia de la Informaci\u00f3n y Comunicaci\u00f3n, desde el a\u00f1o 2018.<\/p>\n","protected":false},"excerpt":{"rendered":"<p>Fachada de los estudios centrales de Radio Nacional del Paraguay (foto tomada en bicentenario de la independencia nacional). Por muchos a\u00f1os identificada con una l\u00ednea de programaci\u00f3n bien&hellip;<\/p>\n","protected":false},"author":2,"featured_media":654,"comment_status":"closed","ping_status":"closed","sticky":false,"template":"","format":"standard","meta":{"footnotes":""},"categories":[10],"tags":[],"personalidad":[],"class_list":["post-653","post","type-post","status-publish","format-standard","has-post-thumbnail","hentry","category-opinion"],"_links":{"self":[{"href":"https:\/\/24-7.com.py\/index.php\/wp-json\/wp\/v2\/posts\/653","targetHints":{"allow":["GET"]}}],"collection":[{"href":"https:\/\/24-7.com.py\/index.php\/wp-json\/wp\/v2\/posts"}],"about":[{"href":"https:\/\/24-7.com.py\/index.php\/wp-json\/wp\/v2\/types\/post"}],"author":[{"embeddable":true,"href":"https:\/\/24-7.com.py\/index.php\/wp-json\/wp\/v2\/users\/2"}],"replies":[{"embeddable":true,"href":"https:\/\/24-7.com.py\/index.php\/wp-json\/wp\/v2\/comments?post=653"}],"version-history":[{"count":1,"href":"https:\/\/24-7.com.py\/index.php\/wp-json\/wp\/v2\/posts\/653\/revisions"}],"predecessor-version":[{"id":655,"href":"https:\/\/24-7.com.py\/index.php\/wp-json\/wp\/v2\/posts\/653\/revisions\/655"}],"wp:featuredmedia":[{"embeddable":true,"href":"https:\/\/24-7.com.py\/index.php\/wp-json\/wp\/v2\/media\/654"}],"wp:attachment":[{"href":"https:\/\/24-7.com.py\/index.php\/wp-json\/wp\/v2\/media?parent=653"}],"wp:term":[{"taxonomy":"category","embeddable":true,"href":"https:\/\/24-7.com.py\/index.php\/wp-json\/wp\/v2\/categories?post=653"},{"taxonomy":"post_tag","embeddable":true,"href":"https:\/\/24-7.com.py\/index.php\/wp-json\/wp\/v2\/tags?post=653"},{"taxonomy":"personalidad","embeddable":true,"href":"https:\/\/24-7.com.py\/index.php\/wp-json\/wp\/v2\/personalidad?post=653"}],"curies":[{"name":"wp","href":"https:\/\/api.w.org\/{rel}","templated":true}]}}