{"id":641,"date":"2026-09-02T04:06:50","date_gmt":"2026-09-02T07:06:50","guid":{"rendered":"https:\/\/24-7.com.py\/?p=641"},"modified":"2026-09-01T22:29:11","modified_gmt":"2026-09-02T01:29:11","slug":"paraguay-es-sede-de-la-11a-reunion-regional-de-lucha-contra-el-cibercrimen-junto-a-la-interpol","status":"publish","type":"post","link":"https:\/\/24-7.com.py\/index.php\/2026\/09\/02\/paraguay-es-sede-de-la-11a-reunion-regional-de-lucha-contra-el-cibercrimen-junto-a-la-interpol\/","title":{"rendered":"Paraguay es sede de la 11\u00aa reuni\u00f3n regional de lucha contra el Cibercrimen junto a la Interpol"},"content":{"rendered":"<p>En la capital del pa\u00eds se inici\u00f3 la 11.\u00aa Reuni\u00f3n del Grupo de Trabajo de las Am\u00e9ricas de lucha contra el Cibercrimen para jefes de Unidades, un encuentro regional organizado junto a INTERPOL y que culminar\u00e1 el viernes 4.<br \/>\nParticipan del evento autoridades de INTERPOL, jefes de unidades y especialistas de pa\u00edses de la regi\u00f3n, con el objetivo principal de establecer una cooperaci\u00f3n operativa, enfatizar la investigaci\u00f3n de ciberdelitos y dise\u00f1ar estrategias conjuntas.<br \/>\nAcompa\u00f1an la jornada el propio ministro del Interior doctor Enrique Riera Escudero, el comandante de la Polic\u00eda Nacional, C\u00e9sar Silguero, el viceministro de Asuntos Pol\u00edticos \u00d3scar Campuzano y el viceministro de Seguridad Interna Carlos Ben\u00edtez.<br \/>\nAunque los organismos oficiales de Paraguay no han publicado la lista individualizada de los pa\u00edses debido a protocolos de seguridad operativa de la organizaci\u00f3n, del evento participan jefes y t\u00e9cnicos del Departamento de Cibercrimen de la Polic\u00eda Nacional y agentes de la Unidad de Delitos Inform\u00e1ticos de la Fiscal\u00eda.<br \/>\nDelegaciones Internacionales est\u00e1n integradas por jefes de unidades especializadas de polic\u00eda y expertos en seguridad digital de los pa\u00edses miembros de INTERPOL en la regi\u00f3n de las Am\u00e9ricas (Am\u00e9rica del Sur, Central, del Norte y el Caribe), quienes trabajan en conjunto con la Secretar\u00eda General de INTERPOL.<br \/>\nEs misi\u00f3n clave de estas delegaciones coordinar operaciones conjuntas, forense digital e inteligencia contra amenazas transnacionales.<br \/>\nA la par de este encuentro internacional con INTERPOL, Paraguay ha venido impulsando varios espacios de discusi\u00f3n sobre la seguridad digital en las \u00faltimas semanas y meses, como el Proyecto de Ley de Ciberseguridad sobre la que se llev\u00f3 a cabo una Audiencia P\u00fablica en el Sal\u00f3n Auditorio del Congreso Nacional de Paraguay con participaci\u00f3n de comitivas t\u00e9cnicas de la Polic\u00eda Nacional para debatir y analizar la creaci\u00f3n de esta ley.<br \/>\nTambi\u00e9n a finales de agosto se realiz\u00f3 el \u00abPrimer Taller de Fortalecimiento de Capacidades para el Dise\u00f1o de la Estrategia Nacional de Seguridad Ciudadana\u00bb en el Ministerio del Interior, coorganizado junto al programa El Pacto 2.0 de la Uni\u00f3n Europea.<\/p>\n<p>&nbsp;<\/p>\n<div id='gallery-1' class='gallery galleryid-641 gallery-columns-3 gallery-size-medium'><figure class='gallery-item'>\n\t\t\t<div class='gallery-icon landscape'>\n\t\t\t\t<a href='https:\/\/24-7.com.py\/index.php\/2026\/09\/02\/paraguay-es-sede-de-la-11a-reunion-regional-de-lucha-contra-el-cibercrimen-junto-a-la-interpol\/whatsapp-image-2026-09-01-at-18-30-31-2\/'><img loading=\"lazy\" decoding=\"async\" width=\"300\" height=\"173\" src=\"https:\/\/24-7.com.py\/wp-content\/uploads\/2026\/09\/WhatsApp-Image-2026-09-01-at-18.30.31-1-300x173.jpeg\" class=\"attachment-medium size-medium\" alt=\"\" srcset=\"https:\/\/24-7.com.py\/wp-content\/uploads\/2026\/09\/WhatsApp-Image-2026-09-01-at-18.30.31-1-300x173.jpeg 300w, https:\/\/24-7.com.py\/wp-content\/uploads\/2026\/09\/WhatsApp-Image-2026-09-01-at-18.30.31-1-1024x591.jpeg 1024w, https:\/\/24-7.com.py\/wp-content\/uploads\/2026\/09\/WhatsApp-Image-2026-09-01-at-18.30.31-1-768x443.jpeg 768w, https:\/\/24-7.com.py\/wp-content\/uploads\/2026\/09\/WhatsApp-Image-2026-09-01-at-18.30.31-1.jpeg 1224w\" sizes=\"auto, (max-width: 300px) 100vw, 300px\" \/><\/a>\n\t\t\t<\/div><\/figure><figure class='gallery-item'>\n\t\t\t<div class='gallery-icon landscape'>\n\t\t\t\t<a href='https:\/\/24-7.com.py\/index.php\/2026\/09\/02\/paraguay-es-sede-de-la-11a-reunion-regional-de-lucha-contra-el-cibercrimen-junto-a-la-interpol\/noti-2\/'><img loading=\"lazy\" decoding=\"async\" width=\"300\" height=\"146\" src=\"https:\/\/24-7.com.py\/wp-content\/uploads\/2026\/09\/noti-1-300x146.jpeg\" class=\"attachment-medium size-medium\" alt=\"\" srcset=\"https:\/\/24-7.com.py\/wp-content\/uploads\/2026\/09\/noti-1-300x146.jpeg 300w, https:\/\/24-7.com.py\/wp-content\/uploads\/2026\/09\/noti-1-1024x499.jpeg 1024w, https:\/\/24-7.com.py\/wp-content\/uploads\/2026\/09\/noti-1-768x374.jpeg 768w, https:\/\/24-7.com.py\/wp-content\/uploads\/2026\/09\/noti-1.jpeg 1201w\" sizes=\"auto, (max-width: 300px) 100vw, 300px\" \/><\/a>\n\t\t\t<\/div><\/figure><figure class='gallery-item'>\n\t\t\t<div class='gallery-icon landscape'>\n\t\t\t\t<a href='https:\/\/24-7.com.py\/index.php\/2026\/09\/02\/paraguay-es-sede-de-la-11a-reunion-regional-de-lucha-contra-el-cibercrimen-junto-a-la-interpol\/milcienuno-2\/'><img loading=\"lazy\" decoding=\"async\" width=\"300\" height=\"199\" src=\"https:\/\/24-7.com.py\/wp-content\/uploads\/2026\/09\/milcienuno-1-300x199.png\" class=\"attachment-medium size-medium\" alt=\"\" srcset=\"https:\/\/24-7.com.py\/wp-content\/uploads\/2026\/09\/milcienuno-1-300x199.png 300w, https:\/\/24-7.com.py\/wp-content\/uploads\/2026\/09\/milcienuno-1-768x509.png 768w, https:\/\/24-7.com.py\/wp-content\/uploads\/2026\/09\/milcienuno-1-600x400.png 600w, https:\/\/24-7.com.py\/wp-content\/uploads\/2026\/09\/milcienuno-1.png 785w\" sizes=\"auto, (max-width: 300px) 100vw, 300px\" \/><\/a>\n\t\t\t<\/div><\/figure>\n\t\t<\/div>\n\n<p>&nbsp;<\/p>\n","protected":false},"excerpt":{"rendered":"<p>En la capital del pa\u00eds se inici\u00f3 la 11.\u00aa Reuni\u00f3n del Grupo de Trabajo de las Am\u00e9ricas de lucha contra el Cibercrimen para jefes de Unidades, un encuentro&hellip;<\/p>\n","protected":false},"author":5,"featured_media":645,"comment_status":"closed","ping_status":"closed","sticky":false,"template":"","format":"standard","meta":{"footnotes":""},"categories":[57],"tags":[],"personalidad":[],"class_list":["post-641","post","type-post","status-publish","format-standard","has-post-thumbnail","hentry","category-local"],"_links":{"self":[{"href":"https:\/\/24-7.com.py\/index.php\/wp-json\/wp\/v2\/posts\/641","targetHints":{"allow":["GET"]}}],"collection":[{"href":"https:\/\/24-7.com.py\/index.php\/wp-json\/wp\/v2\/posts"}],"about":[{"href":"https:\/\/24-7.com.py\/index.php\/wp-json\/wp\/v2\/types\/post"}],"author":[{"embeddable":true,"href":"https:\/\/24-7.com.py\/index.php\/wp-json\/wp\/v2\/users\/5"}],"replies":[{"embeddable":true,"href":"https:\/\/24-7.com.py\/index.php\/wp-json\/wp\/v2\/comments?post=641"}],"version-history":[{"count":1,"href":"https:\/\/24-7.com.py\/index.php\/wp-json\/wp\/v2\/posts\/641\/revisions"}],"predecessor-version":[{"id":647,"href":"https:\/\/24-7.com.py\/index.php\/wp-json\/wp\/v2\/posts\/641\/revisions\/647"}],"wp:featuredmedia":[{"embeddable":true,"href":"https:\/\/24-7.com.py\/index.php\/wp-json\/wp\/v2\/media\/645"}],"wp:attachment":[{"href":"https:\/\/24-7.com.py\/index.php\/wp-json\/wp\/v2\/media?parent=641"}],"wp:term":[{"taxonomy":"category","embeddable":true,"href":"https:\/\/24-7.com.py\/index.php\/wp-json\/wp\/v2\/categories?post=641"},{"taxonomy":"post_tag","embeddable":true,"href":"https:\/\/24-7.com.py\/index.php\/wp-json\/wp\/v2\/tags?post=641"},{"taxonomy":"personalidad","embeddable":true,"href":"https:\/\/24-7.com.py\/index.php\/wp-json\/wp\/v2\/personalidad?post=641"}],"curies":[{"name":"wp","href":"https:\/\/api.w.org\/{rel}","templated":true}]}}