{"id":613,"date":"2026-09-01T04:05:21","date_gmt":"2026-09-01T07:05:21","guid":{"rendered":"https:\/\/24-7.com.py\/?p=613"},"modified":"2026-08-31T19:52:41","modified_gmt":"2026-08-31T22:52:41","slug":"miguel-prieto-vallejos-un-acusado-en-tribunales","status":"publish","type":"post","link":"https:\/\/24-7.com.py\/index.php\/2026\/09\/01\/miguel-prieto-vallejos-un-acusado-en-tribunales\/","title":{"rendered":"Miguel Prieto Vallejos un acusado en tribunales."},"content":{"rendered":"<p>Ayer empez\u00f3 el juicio oral publico donde la figura principal es el ex intendente de Ciudad del Este, Miguel Prieto Vallejos, quien cual divorcio poco amistoso, enfrenta acusaciones de su ex amor\u00edo con la firma T\u00eda Chela, caso en que se investiga la adquisici\u00f3n de alimentos de manera fraudulenta por un valor de casi 3.000 millones de guaran\u00edes.<br \/>\nInteresante cifra si tenemos en cuenta que donde deb\u00edan beneficiarse (y comer, alimentarse) muchos, solo lo hicieron unos pocos.<br \/>\nPrieto Vallejos, acostumbrado al show, no cambio su estilo asi lleg\u00f3 hasta sentarse en el banquillo de acusado, proliferando antes su inocencia supuesta y que saldr\u00eda de esto para dedicarse de lleno a su carrera pol\u00edtica, ya que su intenci\u00f3n es llegar del este al sill\u00f3n presidencial junto a la Bah\u00eda de Asunci\u00f3n, pero oh destino, el pasado cercano lo llevo hasta donde se juzgan a aquellos que traicionaron la confianza ajena.<br \/>\nEn los pasillos siguieron las sonrisas y muecas burlonas que lo llevaron a ser intendente alguna vez, pero al sentir la fr\u00eda silla pareci\u00f3 asumir en algo que la realidad era otra y las m\u00edmicas y gestos pasaron a ser nubarrones de preocupaci\u00f3n seg\u00fan algunos expertos en lectura facial.<br \/>\nPrimera chicana<br \/>\nPrieto m\u00e1s all\u00e1 de abocarse plenamente a su defensa busca instalar la idea de ser un perseguido pol\u00edtico y que con este juicio se busca truncar su carrera pol\u00edtica a la presidencia de la Naci\u00f3n.<br \/>\nDeber\u00eda, m\u00e1s all\u00e1 de su idea electoralista, preocuparse por dejar limpio su nombre para mostrar y demostrar que puede ser un pre candidato confiable, pero al parecer de muchos, el personaje termina devor\u00e1ndose a la persona que ya no puede discernir el estadio en que se encuentra.<br \/>\nQuien soporta denuncias de fraudes de entre 40 a 50 casos, los n\u00fameros var\u00edan seg\u00fan donde se haga la consulta, pretende recurrir adem\u00e1s a otros vicios legales para confundir a la ciudadan\u00eda sobre su gesti\u00f3n p\u00fablica que termin\u00f3 sacando de la pobreza a su propio entorno familiar y cercanos leales<br \/>\nLo que hay que saber<br \/>\nEn el caso \u201cT\u00eda Chela\u201d, el Ministerio P\u00fablico acus\u00f3 a Miguel Prieto y a otras diez personas por la presunta comisi\u00f3n de lesi\u00f3n de confianza y asociaci\u00f3n criminal. Seg\u00fan la investigaci\u00f3n, durante la pandemia del 2020, la Municipalidad de Ciudad del Este habr\u00eda adquirido alimentos de manera fraudulenta por un valor de G. 2.949.650.000, mediante una licitaci\u00f3n por excepci\u00f3n direccionada a la firma proveedora.<br \/>\nEl Tribunal<br \/>\nEl debate est\u00e1 a cargo de un Tribunal de Sentencia Especializado en Delitos Econ\u00f3micos, presidido por la jueza Ana Rodr\u00edguez Broz\u00f3n, junto a las magistradas Karina C\u00e1ceres y Yolanda Morel.<br \/>\nInicialmente fijado para abril de 2027, el inicio se adelant\u00f3 a petici\u00f3n del Ministerio P\u00fablico, una decisi\u00f3n que fue ratificada por el \u00f3rgano de apelaci\u00f3n penal.<br \/>\nLos acusados<br \/>\nMiguel Prieto y un grupo fueron acusados por lesi\u00f3n de confianza y asociaci\u00f3n criminal.<br \/>\nJunto con Prieto Vallejos est\u00e1n procesados los funcionarios Maggi Elizabeth Fari\u00f1a Almada, Sebasti\u00e1n Mart\u00ednez Insfr\u00e1n, Jos\u00e9 F\u00e9lix C\u00e1ceres Galeano, Juli\u00e1n Ben\u00edtez Gamarra, Francisco Raimundo Arr\u00faa \u00c1lvarez. La lista sigue con: Higinio Raimundo Acu\u00f1a, Cirle Elizabeth Alcaraz Ram\u00edrez, Nelson Alexis Segovia Acevedo y Ferm\u00edn \u00c1valos Britos.<\/p>\n","protected":false},"excerpt":{"rendered":"<p>Ayer empez\u00f3 el juicio oral publico donde la figura principal es el ex intendente de Ciudad del Este, Miguel Prieto Vallejos, quien cual divorcio poco amistoso, enfrenta acusaciones&hellip;<\/p>\n","protected":false},"author":5,"featured_media":617,"comment_status":"closed","ping_status":"closed","sticky":false,"template":"","format":"standard","meta":{"footnotes":""},"categories":[57],"tags":[],"personalidad":[],"class_list":["post-613","post","type-post","status-publish","format-standard","has-post-thumbnail","hentry","category-local"],"_links":{"self":[{"href":"https:\/\/24-7.com.py\/index.php\/wp-json\/wp\/v2\/posts\/613","targetHints":{"allow":["GET"]}}],"collection":[{"href":"https:\/\/24-7.com.py\/index.php\/wp-json\/wp\/v2\/posts"}],"about":[{"href":"https:\/\/24-7.com.py\/index.php\/wp-json\/wp\/v2\/types\/post"}],"author":[{"embeddable":true,"href":"https:\/\/24-7.com.py\/index.php\/wp-json\/wp\/v2\/users\/5"}],"replies":[{"embeddable":true,"href":"https:\/\/24-7.com.py\/index.php\/wp-json\/wp\/v2\/comments?post=613"}],"version-history":[{"count":1,"href":"https:\/\/24-7.com.py\/index.php\/wp-json\/wp\/v2\/posts\/613\/revisions"}],"predecessor-version":[{"id":614,"href":"https:\/\/24-7.com.py\/index.php\/wp-json\/wp\/v2\/posts\/613\/revisions\/614"}],"wp:featuredmedia":[{"embeddable":true,"href":"https:\/\/24-7.com.py\/index.php\/wp-json\/wp\/v2\/media\/617"}],"wp:attachment":[{"href":"https:\/\/24-7.com.py\/index.php\/wp-json\/wp\/v2\/media?parent=613"}],"wp:term":[{"taxonomy":"category","embeddable":true,"href":"https:\/\/24-7.com.py\/index.php\/wp-json\/wp\/v2\/categories?post=613"},{"taxonomy":"post_tag","embeddable":true,"href":"https:\/\/24-7.com.py\/index.php\/wp-json\/wp\/v2\/tags?post=613"},{"taxonomy":"personalidad","embeddable":true,"href":"https:\/\/24-7.com.py\/index.php\/wp-json\/wp\/v2\/personalidad?post=613"}],"curies":[{"name":"wp","href":"https:\/\/api.w.org\/{rel}","templated":true}]}}