{"id":600,"date":"2026-09-01T04:01:23","date_gmt":"2026-09-01T07:01:23","guid":{"rendered":"https:\/\/24-7.com.py\/?p=600"},"modified":"2026-08-31T19:32:57","modified_gmt":"2026-08-31T22:32:57","slug":"memorias-de-la-radio-en-paraguay","status":"publish","type":"post","link":"https:\/\/24-7.com.py\/index.php\/2026\/09\/01\/memorias-de-la-radio-en-paraguay\/","title":{"rendered":"MEMORIAS DE LA RADIO EN PARAGUAY"},"content":{"rendered":"<p>UN INFORMATIVO RELEVANTE.<\/p>\n<p><img loading=\"lazy\" decoding=\"async\" class=\"alignnone size-full wp-image-601\" src=\"https:\/\/24-7.com.py\/wp-content\/uploads\/2026\/08\/fotografias.jpg\" alt=\"\" width=\"484\" height=\"307\" srcset=\"https:\/\/24-7.com.py\/wp-content\/uploads\/2026\/08\/fotografias.jpg 484w, https:\/\/24-7.com.py\/wp-content\/uploads\/2026\/08\/fotografias-300x190.jpg 300w\" sizes=\"auto, (max-width: 484px) 100vw, 484px\" \/><\/p>\n<p><em>El director general de Correos y Tel\u00e9grafos, capit\u00e1n de corbeta, ingeniero Eliseo Alfaro Huerta, leyendo su discurso en la inauguraci\u00f3n de ZP1.<\/em><\/p>\n<p>Entre los programas memorables de la radiofon\u00eda paraguaya, un noticiario radial ha ocupado un lugar preponderante, no solo por haberse mantenido por muchos a\u00f1os en las emisoras nacionales sino porque era un compendio informativo de muy alto nivel elaborado por destacados periodistas.<\/p>\n<p>En la d\u00e9cada de los a\u00f1os 40, en ZP3 Radio Teleco, hasta mediados de la d\u00e9cada de los a\u00f1os 50, en que pas\u00f3 su elaboraci\u00f3n y difusi\u00f3n en la emisora decana, ZP 11 Radio Caritas (anteriormente <em>Charitas)<\/em>, hasta los primeros a\u00f1os de la d\u00e9cada del \u00b470.<\/p>\n<p>EL REPORTER ESSO.<\/p>\n<p>Fue el nombre utilizado por varios noticiarios de\u00a0<a href=\"https:\/\/es.wikipedia.org\/wiki\/Radio_(medio_de_comunicaci%C3%B3n)\">radio<\/a>\u00a0y\u00a0<a href=\"https:\/\/es.wikipedia.org\/wiki\/Televisi%C3%B3n\">televisi\u00f3n<\/a>\u00a0patrocinados por la compa\u00f1\u00eda internacional petrolera\u00a0<a href=\"https:\/\/es.wikipedia.org\/wiki\/Esso\"><em>Eastern States Standard Oil (Esso)<\/em><\/a>, muy popular en varios pa\u00edses de\u00a0<a href=\"https:\/\/es.wikipedia.org\/wiki\/Sudam%C3%A9rica\">Sudam\u00e9rica<\/a>\u00a0entre las d\u00e9cadas de\u00a0<a href=\"https:\/\/es.wikipedia.org\/wiki\/A%C3%B1os_1940\">1940<\/a>\u00a0Y\u00a0<a href=\"https:\/\/es.wikipedia.org\/wiki\/A%C3%B1os_1990\">1990<\/a>,\u00a0 aproximadamente<\/p>\n<p>En el Paraguay, Gerardo Halley Mora, periodista y escritor nacional de gran relieve en las a\u00f1os pasados, hermano de Mario Halley Mora, dramaturgo y escritor, ganador del\u00a0 premio nacional de literatura a\u00f1o 2001, fue el creador del entonces prEstigioso informativo radial que llevaba por nombre de la portentosa empresa petrol\u00edfera norteamericana.<\/p>\n<p>Gerardo Halley Mora, nacido en Coronel Oviedo, al igual que todos sus hermanos, se hab\u00eda iniciado en la radiofon\u00eda nacional entre los a\u00f1os 1936-37, al igual que muchas figuras importantes de la radiofon\u00eda paraguaya, en Radio Caritas, en el \u00e1rea deportiva, y luego en Radio Teleco, en los primeros a\u00f1os del \u00b440, como director, tiempo en que la Esso, determinaba el inicio del ciclo informativo, en las emisoras sudamericanas, siendo Halley Mora el redactor y lector del noticiario con el nombre de \u201cEl Reporter Esso\u201d.<\/p>\n<p>A mediados de los a\u00f1os 50, en Radio Caritas, Alejandro Noguera, un destacado locutor y periodista, relataba las noticias, al mediod\u00eda. Era un noticiario que, con el gran respaldo de la seriedad y credibilidad de esa emisora, atrapaba la audiencia capitalina, en un estilo muy particular de relato que caracteriz\u00f3 al gran colega ya desaparecido, quien a m\u00e1s de su tarea radial, era periodista del diario La Tribuna, por esos a\u00f1os.<\/p>\n<p>Con el patrocinio de la empresa ESSO, Noguera daba vida a los sucesos informativos de la \u00e9poca, redactados por destacados periodistas que en ese entonces respaldaban con su labor el nobel periodismo radiof\u00f3nico de los medios.<\/p>\n<p>El programa informativo constituy\u00f3 un gran atractivo de entre los programas radiales de la \u00e9poca, en que compet\u00edan por la audiencia, a m\u00e1s de las emisoras ya citadas, Radio Stentor, Radio Comuneros y Radio Nacional.\u00a0 Una \u00e9poca que ya no volver\u00e1, pero que marc\u00f3 el derrotero por donde transitaron luego los dem\u00e1s medios radiof\u00f3nicos capitalinos.<\/p>\n","protected":false},"excerpt":{"rendered":"<p>UN INFORMATIVO RELEVANTE. El director general de Correos y Tel\u00e9grafos, capit\u00e1n de corbeta, ingeniero Eliseo Alfaro Huerta, leyendo su discurso en la inauguraci\u00f3n de ZP1. Entre los programas&hellip;<\/p>\n","protected":false},"author":2,"featured_media":601,"comment_status":"closed","ping_status":"closed","sticky":false,"template":"","format":"standard","meta":{"footnotes":""},"categories":[10],"tags":[],"personalidad":[],"class_list":["post-600","post","type-post","status-publish","format-standard","has-post-thumbnail","hentry","category-opinion"],"_links":{"self":[{"href":"https:\/\/24-7.com.py\/index.php\/wp-json\/wp\/v2\/posts\/600","targetHints":{"allow":["GET"]}}],"collection":[{"href":"https:\/\/24-7.com.py\/index.php\/wp-json\/wp\/v2\/posts"}],"about":[{"href":"https:\/\/24-7.com.py\/index.php\/wp-json\/wp\/v2\/types\/post"}],"author":[{"embeddable":true,"href":"https:\/\/24-7.com.py\/index.php\/wp-json\/wp\/v2\/users\/2"}],"replies":[{"embeddable":true,"href":"https:\/\/24-7.com.py\/index.php\/wp-json\/wp\/v2\/comments?post=600"}],"version-history":[{"count":1,"href":"https:\/\/24-7.com.py\/index.php\/wp-json\/wp\/v2\/posts\/600\/revisions"}],"predecessor-version":[{"id":602,"href":"https:\/\/24-7.com.py\/index.php\/wp-json\/wp\/v2\/posts\/600\/revisions\/602"}],"wp:featuredmedia":[{"embeddable":true,"href":"https:\/\/24-7.com.py\/index.php\/wp-json\/wp\/v2\/media\/601"}],"wp:attachment":[{"href":"https:\/\/24-7.com.py\/index.php\/wp-json\/wp\/v2\/media?parent=600"}],"wp:term":[{"taxonomy":"category","embeddable":true,"href":"https:\/\/24-7.com.py\/index.php\/wp-json\/wp\/v2\/categories?post=600"},{"taxonomy":"post_tag","embeddable":true,"href":"https:\/\/24-7.com.py\/index.php\/wp-json\/wp\/v2\/tags?post=600"},{"taxonomy":"personalidad","embeddable":true,"href":"https:\/\/24-7.com.py\/index.php\/wp-json\/wp\/v2\/personalidad?post=600"}],"curies":[{"name":"wp","href":"https:\/\/api.w.org\/{rel}","templated":true}]}}