{"id":578,"date":"2026-08-31T04:06:55","date_gmt":"2026-08-31T07:06:55","guid":{"rendered":"https:\/\/24-7.com.py\/?p=578"},"modified":"2026-08-30T21:10:15","modified_gmt":"2026-08-31T00:10:15","slug":"empieza-el-juicio-oral-y-publico-a-miguel-prieto-vallejos","status":"publish","type":"post","link":"https:\/\/24-7.com.py\/index.php\/2026\/08\/31\/empieza-el-juicio-oral-y-publico-a-miguel-prieto-vallejos\/","title":{"rendered":"Empieza el juicio oral y p\u00fablico a Miguel Prieto Vallejos"},"content":{"rendered":"<p>Quien alguna vez fuera Intendente de Ciudad del Este, 2019 a 2025, estar\u00e1 sentado desde hoy en el lugar de los acusados, en este caso, por el mal manejo del dinero de los contribuyentes que confiaron en \u00e9l.<br \/>\nEl litigio se inicia hoy luego que el Tribunal de Apelaci\u00f3n de Delitos Econ\u00f3micos dejara la fecha en firme tras rechazar los \u00faltimos recursos y chicanas presentadas por la defensa.<br \/>\nLo que hay que saber<br \/>\nEn el caso \u201cT\u00eda Chela\u201d, el Ministerio P\u00fablico acus\u00f3 a Miguel Prieto y a otras diez personas por la presunta comisi\u00f3n de lesi\u00f3n de confianza y asociaci\u00f3n criminal. Seg\u00fan la investigaci\u00f3n, durante la pandemia del 2020, la Municipalidad de Ciudad del Este habr\u00eda adquirido alimentos de manera fraudulenta por un valor de G. 2.949.650.000, mediante una licitaci\u00f3n por excepci\u00f3n direccionada a la firma proveedora.<br \/>\nEl Tribunal<br \/>\nEl debate est\u00e1 a cargo de un Tribunal de Sentencia Especializado en Delitos Econ\u00f3micos, presidido por la jueza Ana Rodr\u00edguez Broz\u00f3n, junto a las magistradas Karina C\u00e1ceres y Yolanda Morel.<br \/>\nInicialmente fijado para abril de 2027, el inicio se adelant\u00f3 a petici\u00f3n del Ministerio P\u00fablico, una decisi\u00f3n que fue ratificada por el \u00f3rgano de apelaci\u00f3n penal.<br \/>\nLos acusados<br \/>\nMiguel Prieto y un grupo fueron acusados por lesi\u00f3n de confianza y asociaci\u00f3n criminal.<br \/>\nJunto con Prieto Vallejos est\u00e1n procesados los funcionarios Maggi Elizabeth Fari\u00f1a Almada, Sebasti\u00e1n Mart\u00ednez Insfr\u00e1n, Jos\u00e9 F\u00e9lix C\u00e1ceres Galeano, Juli\u00e1n Ben\u00edtez Gamarra, Francisco Raimundo Arr\u00faa \u00c1lvarez. La lista sigue con: Higinio Raimundo Acu\u00f1a, Cirle Elizabeth Alcaraz Ram\u00edrez, Nelson Alexis Segovia Acevedo y Ferm\u00edn \u00c1valos Britos.<\/p>\n<p>&nbsp;<\/p>\n<p>&nbsp;<\/p>\n<p><img loading=\"lazy\" decoding=\"async\" class=\"alignnone wp-image-579 size-medium\" src=\"https:\/\/24-7.com.py\/wp-content\/uploads\/2026\/08\/Miguel-Prieto-300x202.jpeg\" alt=\"\" width=\"300\" height=\"202\" srcset=\"https:\/\/24-7.com.py\/wp-content\/uploads\/2026\/08\/Miguel-Prieto-300x202.jpeg 300w, https:\/\/24-7.com.py\/wp-content\/uploads\/2026\/08\/Miguel-Prieto-1024x690.jpeg 1024w, https:\/\/24-7.com.py\/wp-content\/uploads\/2026\/08\/Miguel-Prieto-768x518.jpeg 768w, https:\/\/24-7.com.py\/wp-content\/uploads\/2026\/08\/Miguel-Prieto.jpeg 1224w\" sizes=\"auto, (max-width: 300px) 100vw, 300px\" \/><\/p>\n","protected":false},"excerpt":{"rendered":"<p>Quien alguna vez fuera Intendente de Ciudad del Este, 2019 a 2025, estar\u00e1 sentado desde hoy en el lugar de los acusados, en este caso, por el mal&hellip;<\/p>\n","protected":false},"author":5,"featured_media":580,"comment_status":"closed","ping_status":"closed","sticky":false,"template":"","format":"standard","meta":{"footnotes":""},"categories":[8],"tags":[],"personalidad":[],"class_list":["post-578","post","type-post","status-publish","format-standard","has-post-thumbnail","hentry","category-sociedad"],"_links":{"self":[{"href":"https:\/\/24-7.com.py\/index.php\/wp-json\/wp\/v2\/posts\/578","targetHints":{"allow":["GET"]}}],"collection":[{"href":"https:\/\/24-7.com.py\/index.php\/wp-json\/wp\/v2\/posts"}],"about":[{"href":"https:\/\/24-7.com.py\/index.php\/wp-json\/wp\/v2\/types\/post"}],"author":[{"embeddable":true,"href":"https:\/\/24-7.com.py\/index.php\/wp-json\/wp\/v2\/users\/5"}],"replies":[{"embeddable":true,"href":"https:\/\/24-7.com.py\/index.php\/wp-json\/wp\/v2\/comments?post=578"}],"version-history":[{"count":2,"href":"https:\/\/24-7.com.py\/index.php\/wp-json\/wp\/v2\/posts\/578\/revisions"}],"predecessor-version":[{"id":582,"href":"https:\/\/24-7.com.py\/index.php\/wp-json\/wp\/v2\/posts\/578\/revisions\/582"}],"wp:featuredmedia":[{"embeddable":true,"href":"https:\/\/24-7.com.py\/index.php\/wp-json\/wp\/v2\/media\/580"}],"wp:attachment":[{"href":"https:\/\/24-7.com.py\/index.php\/wp-json\/wp\/v2\/media?parent=578"}],"wp:term":[{"taxonomy":"category","embeddable":true,"href":"https:\/\/24-7.com.py\/index.php\/wp-json\/wp\/v2\/categories?post=578"},{"taxonomy":"post_tag","embeddable":true,"href":"https:\/\/24-7.com.py\/index.php\/wp-json\/wp\/v2\/tags?post=578"},{"taxonomy":"personalidad","embeddable":true,"href":"https:\/\/24-7.com.py\/index.php\/wp-json\/wp\/v2\/personalidad?post=578"}],"curies":[{"name":"wp","href":"https:\/\/api.w.org\/{rel}","templated":true}]}}