{"id":572,"date":"2026-08-31T04:03:30","date_gmt":"2026-08-31T07:03:30","guid":{"rendered":"https:\/\/24-7.com.py\/?p=572"},"modified":"2026-08-30T20:52:13","modified_gmt":"2026-08-30T23:52:13","slug":"adios-al-temido-mes-de-agosto-septiembre-florece-en-paraguay","status":"publish","type":"post","link":"https:\/\/24-7.com.py\/index.php\/2026\/08\/31\/adios-al-temido-mes-de-agosto-septiembre-florece-en-paraguay\/","title":{"rendered":"\u00a1ADI\u00d3S AL TEMIDO MES DE AGOSTO!,  SEPTIEMBRE FLORECE EN PARAGUAY"},"content":{"rendered":"<p>El calendario paraguayo guarda tradiciones impregnadas de sabidur\u00eda popular, temores ancestrales y una profunda conexi\u00f3n con los ciclos de la naturaleza. Entre ellas, el mito de agosto resuena con fuerza cada a\u00f1o en la memoria colectiva.<\/p>\n<p>Existe la creencia arraigada de que este es un periodo peligroso para las personas adultas mayores debido a sus bruscos y extremos cambios clim\u00e1ticos: jornadas de lluvias prolongadas, vientos congelantes del sur y una humedad constante que cala en los huesos.<\/p>\n<p>Este a\u00f1o no fue la excepci\u00f3n.<\/p>\n<p>Agosto se despidi\u00f3 con furia en el sur del pa\u00eds, afectando sembrad\u00edos y desafiando la log\u00edstica del rally mundial. Sin embargo, el invierno paraguayo siempre concede una tregua, y la transici\u00f3n hacia el noveno mes del a\u00f1o trae consigo una metamorfosis colectiva. Hoy concluye ese ciclo y, con el amanecer del martes, Paraguay le da la bienvenida a septiembre.<\/p>\n<p>Septiembre no es un mes com\u00fan; est\u00e1 impregnado de una transici\u00f3n energ\u00e9tica \u00fanica que act\u00faa como un b\u00e1lsamo para el esp\u00edritu humano, devolviendo la gracia juvenil incluso a quienes se dejaban vencer por el pesimismo abonado por el invierno:<\/p>\n<p>El mes se nutre de la herencia del fuego y la vitalidad leonina, inyectando el optimismo necesario para sacudir el letargo invernal. Virgo domina gran parte del mes con su energ\u00eda de tierra, invitando a la purificaci\u00f3n, el orden, la siembra consciente y el cuidado minucioso de la salud. El mes cierra bajo el ala de Libra y el equinoccio, trayendo la armon\u00eda, el balance y la paz que la naturaleza manifiesta en su entorno.<\/p>\n<p>&nbsp;<\/p>\n<p>La llegada de septiembre transforma por completo el paisaje y el \u00e1nimo de la poblaci\u00f3n a trav\u00e9s de s\u00edmbolos que abrazan nuestra identidad:<\/p>\n<p>Los brotes nuevos del tajy: El \u00e1rbol nacional ti\u00f1e las calles y plazas de rosa, amarillo y blanco, record\u00e1ndonos la resiliencia de la tierra. Orqu\u00eddeas en las casas: Las flores despiertan y abrazan los troncos de los \u00e1rboles en los jardines hogare\u00f1os, devolviendo el color a los patios del vecindario. Psicolog\u00eda de la primavera<strong>:<\/strong> El aumento de las horas de luz solar incrementa la producci\u00f3n de serotonina, disipando la melancol\u00eda y activando la energ\u00eda juvenil.<\/p>\n<p>&nbsp;<\/p>\n<p>Septiembre opera como un renacimiento mental y f\u00edsico. Es el mes que demuestra que, tras la crudeza de los temporales, la vida en Paraguay siempre encuentra la fuerza para brotar con m\u00e1s color, vigor y equilibrio.<\/p>\n<p>&nbsp;<\/p>\n<p>&nbsp;<\/p>\n<p>&nbsp;<\/p>\n","protected":false},"excerpt":{"rendered":"<p>El calendario paraguayo guarda tradiciones impregnadas de sabidur\u00eda popular, temores ancestrales y una profunda conexi\u00f3n con los ciclos de la naturaleza. Entre ellas, el mito de agosto resuena&hellip;<\/p>\n","protected":false},"author":6,"featured_media":573,"comment_status":"closed","ping_status":"closed","sticky":false,"template":"","format":"standard","meta":{"footnotes":""},"categories":[9],"tags":[],"personalidad":[],"class_list":["post-572","post","type-post","status-publish","format-standard","has-post-thumbnail","hentry","category-cultura"],"_links":{"self":[{"href":"https:\/\/24-7.com.py\/index.php\/wp-json\/wp\/v2\/posts\/572","targetHints":{"allow":["GET"]}}],"collection":[{"href":"https:\/\/24-7.com.py\/index.php\/wp-json\/wp\/v2\/posts"}],"about":[{"href":"https:\/\/24-7.com.py\/index.php\/wp-json\/wp\/v2\/types\/post"}],"author":[{"embeddable":true,"href":"https:\/\/24-7.com.py\/index.php\/wp-json\/wp\/v2\/users\/6"}],"replies":[{"embeddable":true,"href":"https:\/\/24-7.com.py\/index.php\/wp-json\/wp\/v2\/comments?post=572"}],"version-history":[{"count":1,"href":"https:\/\/24-7.com.py\/index.php\/wp-json\/wp\/v2\/posts\/572\/revisions"}],"predecessor-version":[{"id":574,"href":"https:\/\/24-7.com.py\/index.php\/wp-json\/wp\/v2\/posts\/572\/revisions\/574"}],"wp:featuredmedia":[{"embeddable":true,"href":"https:\/\/24-7.com.py\/index.php\/wp-json\/wp\/v2\/media\/573"}],"wp:attachment":[{"href":"https:\/\/24-7.com.py\/index.php\/wp-json\/wp\/v2\/media?parent=572"}],"wp:term":[{"taxonomy":"category","embeddable":true,"href":"https:\/\/24-7.com.py\/index.php\/wp-json\/wp\/v2\/categories?post=572"},{"taxonomy":"post_tag","embeddable":true,"href":"https:\/\/24-7.com.py\/index.php\/wp-json\/wp\/v2\/tags?post=572"},{"taxonomy":"personalidad","embeddable":true,"href":"https:\/\/24-7.com.py\/index.php\/wp-json\/wp\/v2\/personalidad?post=572"}],"curies":[{"name":"wp","href":"https:\/\/api.w.org\/{rel}","templated":true}]}}