{"id":565,"date":"2026-08-31T04:01:20","date_gmt":"2026-08-31T07:01:20","guid":{"rendered":"https:\/\/24-7.com.py\/?p=565"},"modified":"2026-08-30T20:42:07","modified_gmt":"2026-08-30T23:42:07","slug":"un-espacio-para-el-agro","status":"publish","type":"post","link":"https:\/\/24-7.com.py\/index.php\/2026\/08\/31\/un-espacio-para-el-agro\/","title":{"rendered":"UN ESPACIO PARA EL AGRO"},"content":{"rendered":"<p>La educaci\u00f3n es fundamental para que los humanos podamos crecer y desarrollarnos, esta premisa tambi\u00e9n se aplica para el sector agropecuario.<\/p>\n<p>Los que somos un poco mayorcitos ya, recordamos que de un tiempo a esta parte se perdi\u00f3 la fluidez de la comunicaci\u00f3n entre la gente del campo y los ciudadanos, en ambos sentidos.<\/p>\n<p>Desaparecieron casi todos los programas que se emit\u00edan por las radioemisoras, especialmente del interior y en horas de la madrugada, o por la TV donde se preferentemente se mostraban las pr\u00e1cticas agr\u00edcolas, o escritos, especialmente las revistas especializadas o los suplementos rurales de los peri\u00f3dicos de mayor circulaci\u00f3n.<\/p>\n<p>Estos programas rurales estaban dirigidos por periodistas calificados del sector agropecuario pero los actores principales eran profesionales del agro, tanto del sector p\u00fablico, como del privado.<\/p>\n<p>Al perderse estos espacios, perdimos con ello la posibilidad de hacer conocer fluidamente a los ciudadanos, la realidad del campo, y son acontecimientos transversales a la sociedad, y con ello que muchas de las cr\u00edticas sean sobre sucesos hipot\u00e9ticos.<\/p>\n<p>Lastimosamente, tambi\u00e9n hoy, nos encontramos con otra necesidad: no vemos sitios para abordar temas cotidianos, falta alguna palestra como dicen los brasileros, foros, espacios en los medios de prensa donde \u201cconversar\u201d sobre la problem\u00e1tica agropecuaria y campesina que surgen en el d\u00eda a d\u00eda.<\/p>\n<p>Pr\u00e1cticamente desaparecieron de los medios de circulaci\u00f3n masiva la opini\u00f3n o la entrevista a entendidos de la problem\u00e1tica rural, y no se aborda o se discute p\u00fablicamente temas actuales de modo a que lleguen a lugares de decisi\u00f3n ya \u201cmasticados\u201d, sum\u00e1ndose otro condimento, los grupos organizados tienen m\u00e1s facilidad de acceso y de soluciones.<\/p>\n<p>En los medios de comunicaci\u00f3n masiva, escrita o televisiva, hace mucho no se ve un art\u00edculo t\u00e9cnico sobre la producci\u00f3n de alg\u00fan cultivo, la entrevista a alg\u00fan productor o, simplemente, la foto de alguien o alguna m\u00e1quina trabajando en el campo.<\/p>\n<p>La econom\u00eda paraguaya, aunque hoy ya apuntalada por dos hidroel\u00e9ctricas, seguir\u00e1 dependiendo del agro por mucho tiempo y, por nuestro sistema de producci\u00f3n, la ausencia de espacios de opini\u00f3n sobre temas agropecuarios permite que las medias verdades, inclusive enga\u00f1os, se impongan f\u00e1cilmente, por lo que espero que se abran m\u00e1s ventanas como \u00e9sta que permite este medio de prensa digital, visibilizando m\u00e1s la voz del agro.<\/p>\n","protected":false},"excerpt":{"rendered":"<p>La educaci\u00f3n es fundamental para que los humanos podamos crecer y desarrollarnos, esta premisa tambi\u00e9n se aplica para el sector agropecuario. Los que somos un poco mayorcitos ya,&hellip;<\/p>\n","protected":false},"author":8,"featured_media":0,"comment_status":"closed","ping_status":"closed","sticky":false,"template":"","format":"standard","meta":{"footnotes":""},"categories":[58],"tags":[],"personalidad":[],"class_list":["post-565","post","type-post","status-publish","format-standard","hentry","category-agricultura"],"_links":{"self":[{"href":"https:\/\/24-7.com.py\/index.php\/wp-json\/wp\/v2\/posts\/565","targetHints":{"allow":["GET"]}}],"collection":[{"href":"https:\/\/24-7.com.py\/index.php\/wp-json\/wp\/v2\/posts"}],"about":[{"href":"https:\/\/24-7.com.py\/index.php\/wp-json\/wp\/v2\/types\/post"}],"author":[{"embeddable":true,"href":"https:\/\/24-7.com.py\/index.php\/wp-json\/wp\/v2\/users\/8"}],"replies":[{"embeddable":true,"href":"https:\/\/24-7.com.py\/index.php\/wp-json\/wp\/v2\/comments?post=565"}],"version-history":[{"count":1,"href":"https:\/\/24-7.com.py\/index.php\/wp-json\/wp\/v2\/posts\/565\/revisions"}],"predecessor-version":[{"id":566,"href":"https:\/\/24-7.com.py\/index.php\/wp-json\/wp\/v2\/posts\/565\/revisions\/566"}],"wp:attachment":[{"href":"https:\/\/24-7.com.py\/index.php\/wp-json\/wp\/v2\/media?parent=565"}],"wp:term":[{"taxonomy":"category","embeddable":true,"href":"https:\/\/24-7.com.py\/index.php\/wp-json\/wp\/v2\/categories?post=565"},{"taxonomy":"post_tag","embeddable":true,"href":"https:\/\/24-7.com.py\/index.php\/wp-json\/wp\/v2\/tags?post=565"},{"taxonomy":"personalidad","embeddable":true,"href":"https:\/\/24-7.com.py\/index.php\/wp-json\/wp\/v2\/personalidad?post=565"}],"curies":[{"name":"wp","href":"https:\/\/api.w.org\/{rel}","templated":true}]}}