{"id":563,"date":"2026-08-31T04:00:15","date_gmt":"2026-08-31T07:00:15","guid":{"rendered":"https:\/\/24-7.com.py\/?p=563"},"modified":"2026-08-30T20:38:52","modified_gmt":"2026-08-30T23:38:52","slug":"no-se-debe-patear-la-olla-que-siempre-prime-la-sensatez","status":"publish","type":"post","link":"https:\/\/24-7.com.py\/index.php\/2026\/08\/31\/no-se-debe-patear-la-olla-que-siempre-prime-la-sensatez\/","title":{"rendered":"NO SE DEBE PATEAR LA OLLA: QUE SIEMPRE PRIME LA SENSATEZ"},"content":{"rendered":"<p>Incluso en las jornadas de protestas salariales, los manifestantes deber\u00edan ser sabios y no destruir o arruinar una fuente de ingresos que justamente permite un respiro a la econom\u00eda.<\/p>\n<p>No emitiremos juicio de valor sobre el reclamo de los m\u00e9dicos acerca de sus salarios y el horario de trabajo. Lo que s\u00ed vamos a plantear es que los manifestantes amenazaron con ir a Encarnaci\u00f3n a tratar de bloquear una competencia automovil\u00edstica internacional que va a ingresar varios millones de d\u00f3lares a la econom\u00eda nacional.<\/p>\n<p>Se ha publicado que el Estado paraguayo, en las condiciones actuales, no est\u00e1 en condiciones de dar una respuesta al planteo de un sector de la medicina precisamente por problemas de disponibilidad de recursos y se est\u00e1n estudiando alternativas justas que al parecer no se orientar\u00e1n a que el resto de la sociedad deba pagar m\u00e1s impuestos para beneficiar a un solo sector.<\/p>\n<p>La Asociaci\u00f3n Hotelera de Itap\u00faa sali\u00f3 a defender intereses absolutamente comprensibles y solicit\u00f3 formalmente al sindicato de m\u00e9dicos que replantee sus medidas de fuerza para que las manifestaciones no afecten la econom\u00eda encarnacena directamente y la de Itap\u00faa en un contexto m\u00e1s amplio.<\/p>\n<p>Se sabe que la hoteler\u00eda, en todo el mundo, vende un producto altamente perecedero. Una habitaci\u00f3n por 24 horas. Si no es ocup\u00f3 hoy ese espacio, ya no se vendi\u00f3. Fue p\u00e9rdida. Se entiende perfectamente la preocupaci\u00f3n de los empresarios porque se trata de una oportunidad que no se repite en el a\u00f1o.<\/p>\n<p>El rally internacional es un generador incomparable de alto impacto socioecon\u00f3mico para la regi\u00f3n que los m\u00e9dicos han decidido boicotear en se\u00f1al de protesta. Es probable que, a la hora de publicar este comentario, se haya resuelto favorablemente la diferencia entre hoteleros y m\u00e9dicos.<\/p>\n<p>Pero entend\u00e1moslo: Si la soluci\u00f3n al problema salarial viene del aumento de los ingresos \u00bfC\u00f3mo se entiende que los manifestantes intenten sabotear un negocio? Justamente la soluci\u00f3n al problema de los galenos vendr\u00e1 por el lado del aumento de las recaudaciones.<\/p>\n<p>Es a todas luces incomprensible que los universitarios, el segmento intelectualmente mejor trabajado de la sociedad, torpedee una actividad que traer\u00e1 alivio, aumento de ingresos a un amplio sector de trabajadores encarnacenos y zonas vecinas.<\/p>\n<p>Si en principio hubo bastante acompa\u00f1amiento al pedido de ajustes salariales, un planteo mal evaluado y p\u00e9simamente encarado tiende r\u00e1pidamente a volcar en contra la opini\u00f3n p\u00fablica.<\/p>\n<p>La econom\u00eda paraguaya es un todo que nos interesa a todos. Debe ser precautelada en el entendimiento de que lo bueno para Itap\u00faa tiene un impacto saludable para el resto.<\/p>\n<p>Tenemos el privilegio de recibir una vez al a\u00f1o una competencia que trae a mucha gente adinerada que invierte muchos recursos. Se habla de que la edici\u00f3n de este a\u00f1o tendr\u00e1 una incidencia de alrededor de 200 millones de d\u00f3lares por la presencia de decenas de miles de turistas atra\u00eddos por el espect\u00e1culo.<\/p>\n<p>Se trata de un derrame efectivo de alt\u00edsimo valor que no puede ser usado como escenario de un boicot que pone en riesgo la esperanza de prosperidad de muchos. Los m\u00e9dicos no deber\u00edan defender su prosperidad, tratando de bloquear la prosperidad de otros. Ser\u00eda un acto de ego\u00edsmo que no puede merecer la aceptaci\u00f3n de la sociedad.<\/p>\n<p>\u201cPues, donde hay envidias y ambiciones ego\u00edstas, tambi\u00e9n habr\u00e1 desorden y toda clase de maldad\u201d. (Santiago 3:16-Nueva Traducci\u00f3n Viviente).<\/p>\n<p>Que siempre predomine la sensatez.<\/p>\n","protected":false},"excerpt":{"rendered":"<p>Incluso en las jornadas de protestas salariales, los manifestantes deber\u00edan ser sabios y no destruir o arruinar una fuente de ingresos que justamente permite un respiro a la&hellip;<\/p>\n","protected":false},"author":3,"featured_media":0,"comment_status":"closed","ping_status":"closed","sticky":false,"template":"","format":"standard","meta":{"footnotes":""},"categories":[28],"tags":[],"personalidad":[],"class_list":["post-563","post","type-post","status-publish","format-standard","hentry","category-dios-patria-y-familia"],"_links":{"self":[{"href":"https:\/\/24-7.com.py\/index.php\/wp-json\/wp\/v2\/posts\/563","targetHints":{"allow":["GET"]}}],"collection":[{"href":"https:\/\/24-7.com.py\/index.php\/wp-json\/wp\/v2\/posts"}],"about":[{"href":"https:\/\/24-7.com.py\/index.php\/wp-json\/wp\/v2\/types\/post"}],"author":[{"embeddable":true,"href":"https:\/\/24-7.com.py\/index.php\/wp-json\/wp\/v2\/users\/3"}],"replies":[{"embeddable":true,"href":"https:\/\/24-7.com.py\/index.php\/wp-json\/wp\/v2\/comments?post=563"}],"version-history":[{"count":1,"href":"https:\/\/24-7.com.py\/index.php\/wp-json\/wp\/v2\/posts\/563\/revisions"}],"predecessor-version":[{"id":564,"href":"https:\/\/24-7.com.py\/index.php\/wp-json\/wp\/v2\/posts\/563\/revisions\/564"}],"wp:attachment":[{"href":"https:\/\/24-7.com.py\/index.php\/wp-json\/wp\/v2\/media?parent=563"}],"wp:term":[{"taxonomy":"category","embeddable":true,"href":"https:\/\/24-7.com.py\/index.php\/wp-json\/wp\/v2\/categories?post=563"},{"taxonomy":"post_tag","embeddable":true,"href":"https:\/\/24-7.com.py\/index.php\/wp-json\/wp\/v2\/tags?post=563"},{"taxonomy":"personalidad","embeddable":true,"href":"https:\/\/24-7.com.py\/index.php\/wp-json\/wp\/v2\/personalidad?post=563"}],"curies":[{"name":"wp","href":"https:\/\/api.w.org\/{rel}","templated":true}]}}