{"id":543,"date":"2026-08-28T04:02:15","date_gmt":"2026-08-28T07:02:15","guid":{"rendered":"https:\/\/24-7.com.py\/?p=543"},"modified":"2026-08-27T18:30:10","modified_gmt":"2026-08-27T21:30:10","slug":"de-la-impunidad-a-la-tobillera-su-kafkiano-ascenso-politico","status":"publish","type":"post","link":"https:\/\/24-7.com.py\/index.php\/2026\/08\/28\/de-la-impunidad-a-la-tobillera-su-kafkiano-ascenso-politico\/","title":{"rendered":"DE LA IMPUNIDAD A LA TOBILLERA:  SU KAFKIANO ASCENSO POL\u00cdTICO"},"content":{"rendered":"<p><em>Elvio y Fernando Lugo, Dios los cr\u00eda y ellos se juntan\u2026<\/em><\/p>\n<p>El escenario pol\u00edtico paraguayo suele regalar episodios que desaf\u00edan la l\u00f3gica del sentido com\u00fan, pero pocos alcanzan el nivel de contradicci\u00f3n que encarna el pol\u00e9mico dirigente sampedrano Elvio Ben\u00edtez.<\/p>\n<p>Quien durante d\u00e9cadas se autoproclam\u00f3 defensor de la causa campesina, hoy aguarda el avance de sus procesos judiciales en la comodidad de su hogar, monitoreado por un dispositivo electr\u00f3nico. Sin embargo, la mayor paradoja no radica en su reclusi\u00f3n, sino en su abierta ambici\u00f3n por ocupar el m\u00e1ximo sill\u00f3n de la Rep\u00fablica, un anhelo que bordea lo irreal.<\/p>\n<p>EL G\u00c9NESIS DE LA IMPUNIDAD EN TIEMPOS DE LUGO<\/p>\n<p>Para comprender la influencia y el posterior enriquecimiento de figuras afines a este tipo de liderazgo, es imperativo remontarse al periodo gubernamental de Fernando Lugo (2008-2012).<\/p>\n<p><img loading=\"lazy\" decoding=\"async\" class=\"alignnone wp-image-544 size-medium\" src=\"https:\/\/24-7.com.py\/wp-content\/uploads\/2026\/08\/lugo-300x300.jpg\" alt=\"\" width=\"300\" height=\"300\" srcset=\"https:\/\/24-7.com.py\/wp-content\/uploads\/2026\/08\/lugo-300x300.jpg 300w, https:\/\/24-7.com.py\/wp-content\/uploads\/2026\/08\/lugo-150x150.jpg 150w, https:\/\/24-7.com.py\/wp-content\/uploads\/2026\/08\/lugo.jpg 598w\" sizes=\"auto, (max-width: 300px) 100vw, 300px\" \/><\/p>\n<p><em>Elvio y Fernando Lugo, Dios los cr\u00eda y ellos se juntan\u2026<\/em><\/p>\n<p>El escenario pol\u00edtico paraguayo suele regalar episodios que desaf\u00edan la l\u00f3gica del sentido com\u00fan, pero pocos alcanzan el nivel de contradicci\u00f3n que encarna el pol\u00e9mico dirigente sampedrano Elvio Ben\u00edtez.<\/p>\n<p>Quien durante d\u00e9cadas se autoproclam\u00f3 defensor de la causa campesina, hoy aguarda el avance de sus procesos judiciales en la comodidad de su hogar, monitoreado por un dispositivo electr\u00f3nico. Sin embargo, la mayor paradoja no radica en su reclusi\u00f3n, sino en su abierta ambici\u00f3n por ocupar el m\u00e1ximo sill\u00f3n de la Rep\u00fablica, un anhelo que bordea lo irreal.<\/p>\n<p>EL G\u00c9NESIS DE LA IMPUNIDAD EN TIEMPOS DE LUGO<\/p>\n<p>Para comprender la influencia y el posterior enriquecimiento de figuras afines a este tipo de liderazgo, es imperativo remontarse al periodo gubernamental de Fernando Lugo (2008-2012).<\/p>\n<p><img loading=\"lazy\" decoding=\"async\" class=\"alignnone size-full wp-image-545\" src=\"https:\/\/24-7.com.py\/wp-content\/uploads\/2026\/08\/elv.jpg\" alt=\"\" width=\"138\" height=\"205\" \/><\/p>\n<p><em>2009, \u00e9poca de esta foto. Elvio Ben\u00edtez hac\u00eda y deshac\u00eda en el INDERT. <\/em><\/p>\n<p><em>\u00a0<\/em><\/p>\n<p>Durante esa gesti\u00f3n, Ben\u00edtez goz\u00f3 de una preeminencia pol\u00edtica absoluta. Diversos sectores denunciaron en su momento que las instituciones encargadas de la reforma agraria, particularmente el INDERT, operaban bajo la sombra de sus presiones y directrices.<\/p>\n<p>La cr\u00edtica hist\u00f3rica hacia el expresidente Lugo radica precisamente en su inacci\u00f3n frente a los desmanes cometidos en el norte del pa\u00eds, actuando como un espectador pasivo ante la transgresi\u00f3n de las leyes.<\/p>\n<p>Esa \u00abcarta blanca\u00bb impl\u00edcita ciment\u00f3 estructuras que, lejos de beneficiar al verdadero agricultor minifundista, terminaron instrumentalizando la necesidad del campesinado para fines estrictamente econ\u00f3micos y electorales.<\/p>\n<p>CUENTAS PENDIENTES CON LA JUSTICIA Y EL ERARIO P\u00daBLICO<\/p>\n<p><img loading=\"lazy\" decoding=\"async\" class=\"alignnone size-full wp-image-546\" src=\"https:\/\/24-7.com.py\/wp-content\/uploads\/2026\/08\/resuel.jpg\" alt=\"\" width=\"463\" height=\"474\" srcset=\"https:\/\/24-7.com.py\/wp-content\/uploads\/2026\/08\/resuel.jpg 463w, https:\/\/24-7.com.py\/wp-content\/uploads\/2026\/08\/resuel-293x300.jpg 293w\" sizes=\"auto, (max-width: 463px) 100vw, 463px\" \/><\/p>\n<p><em>Embargo, uno m\u00e1s. A Ben\u00edtez no todo le sali\u00f3 a pedir de boca. Acumula denuncias de todos los gustos. Por eso est\u00e1 con prisi\u00f3n domiciliaria y tobillera para que no intente fugarse. <\/em><\/p>\n<p>El legado de este modelo no tard\u00f3 en trasladarse a los pasillos del Poder Judicial y el Ministerio P\u00fablico. Con los a\u00f1os, las querellas por presuntas estafas al Estado, los reclamos de millonarios desv\u00edos de fondos destinados a proyectos productivos y las sucesivas imputaciones desnudaron una realidad inocultable: el enriquecimiento selectivo a expensas de la vulnerabilidad rural.<\/p>\n<p>A este historial de presuntas irregularidades financieras se sumaron graves y formales acusaciones provenientes de referentes pol\u00edticos y de seguridad de la \u00e9poca, quienes se\u00f1alaron presuntos v\u00ednculos o complicidades de liderazgos radicales de la zona con actividades ligadas al narcotr\u00e1fico y la protecci\u00f3n de laboratorios ilegales en los montes de San Pedro.<\/p>\n<p>Aunque el discurso oficial de estos grupos siempre apunt\u00f3 a la reivindicaci\u00f3n social, las carpetas fiscales reflejaron repetidamente delitos comunes, coacciones y atentados contra la propiedad privada.<\/p>\n<p>LA PARADOJA DEL SILL\u00d3N PRESIDENCIAL<\/p>\n<p>El presente de Elvio Ben\u00edtez es el retrato de un declive institucional que a\u00fan intenta resistirse a la desaparici\u00f3n. Procesado formalmente por asociaci\u00f3n criminal, apolog\u00eda del delito e invasi\u00f3n de propiedades tras el violento episodio de la estancia Lusipar, su realidad actual es el encierro domiciliario bajo estricto control policial.<\/p>\n<p>Que un ciudadano bajo estas condiciones jur\u00eddicas y con semejante cuestionamiento moral pretenda postularse formalmente para dirigir los destinos de la naci\u00f3n no es solo una afrenta al electorado paraguayo; es una muestra de la profunda degradaci\u00f3n de ciertos sectores pol\u00edticos que ven el poder como un escudo de impunidad.<\/p>\n<p>El Paraguay merece l\u00edderes comprometidos con el desarrollo real del campo, no caudillos que utilicen la bandera de la necesidad ajena para llenar sus bolsillos y burlar la ley.<\/p>\n","protected":false},"excerpt":{"rendered":"<p>Elvio y Fernando Lugo, Dios los cr\u00eda y ellos se juntan\u2026 El escenario pol\u00edtico paraguayo suele regalar episodios que desaf\u00edan la l\u00f3gica del sentido com\u00fan, pero pocos alcanzan&hellip;<\/p>\n","protected":false},"author":4,"featured_media":547,"comment_status":"closed","ping_status":"closed","sticky":false,"template":"","format":"standard","meta":{"footnotes":""},"categories":[66],"tags":[],"personalidad":[],"class_list":["post-543","post","type-post","status-publish","format-standard","has-post-thumbnail","hentry","category-quien-es-elvio-benitez-v"],"_links":{"self":[{"href":"https:\/\/24-7.com.py\/index.php\/wp-json\/wp\/v2\/posts\/543","targetHints":{"allow":["GET"]}}],"collection":[{"href":"https:\/\/24-7.com.py\/index.php\/wp-json\/wp\/v2\/posts"}],"about":[{"href":"https:\/\/24-7.com.py\/index.php\/wp-json\/wp\/v2\/types\/post"}],"author":[{"embeddable":true,"href":"https:\/\/24-7.com.py\/index.php\/wp-json\/wp\/v2\/users\/4"}],"replies":[{"embeddable":true,"href":"https:\/\/24-7.com.py\/index.php\/wp-json\/wp\/v2\/comments?post=543"}],"version-history":[{"count":1,"href":"https:\/\/24-7.com.py\/index.php\/wp-json\/wp\/v2\/posts\/543\/revisions"}],"predecessor-version":[{"id":548,"href":"https:\/\/24-7.com.py\/index.php\/wp-json\/wp\/v2\/posts\/543\/revisions\/548"}],"wp:featuredmedia":[{"embeddable":true,"href":"https:\/\/24-7.com.py\/index.php\/wp-json\/wp\/v2\/media\/547"}],"wp:attachment":[{"href":"https:\/\/24-7.com.py\/index.php\/wp-json\/wp\/v2\/media?parent=543"}],"wp:term":[{"taxonomy":"category","embeddable":true,"href":"https:\/\/24-7.com.py\/index.php\/wp-json\/wp\/v2\/categories?post=543"},{"taxonomy":"post_tag","embeddable":true,"href":"https:\/\/24-7.com.py\/index.php\/wp-json\/wp\/v2\/tags?post=543"},{"taxonomy":"personalidad","embeddable":true,"href":"https:\/\/24-7.com.py\/index.php\/wp-json\/wp\/v2\/personalidad?post=543"}],"curies":[{"name":"wp","href":"https:\/\/api.w.org\/{rel}","templated":true}]}}