{"id":520,"date":"2026-08-27T04:07:13","date_gmt":"2026-08-27T07:07:13","guid":{"rendered":"https:\/\/24-7.com.py\/?p=520"},"modified":"2026-08-26T22:16:36","modified_gmt":"2026-08-27T01:16:36","slug":"revisar-el-archivo-ejercicio-de-humidad-que-golpea-el-orgullo","status":"publish","type":"post","link":"https:\/\/24-7.com.py\/index.php\/2026\/08\/27\/revisar-el-archivo-ejercicio-de-humidad-que-golpea-el-orgullo\/","title":{"rendered":"REVISAR EL ARCHIVO, EJERCICIO DE  HUMIDAD QUE GOLPEA EL ORGULLO"},"content":{"rendered":"<p><img loading=\"lazy\" decoding=\"async\" class=\"alignnone wp-image-521 size-medium\" src=\"https:\/\/24-7.com.py\/wp-content\/uploads\/2026\/08\/diariomax-300x200.jpg\" alt=\"\" width=\"300\" height=\"200\" srcset=\"https:\/\/24-7.com.py\/wp-content\/uploads\/2026\/08\/diariomax-300x200.jpg 300w, https:\/\/24-7.com.py\/wp-content\/uploads\/2026\/08\/diariomax-768x511.jpg 768w, https:\/\/24-7.com.py\/wp-content\/uploads\/2026\/08\/diariomax-600x400.jpg 600w, https:\/\/24-7.com.py\/wp-content\/uploads\/2026\/08\/diariomax.jpg 772w\" sizes=\"auto, (max-width: 300px) 100vw, 300px\" \/><\/p>\n<p><em>Este art\u00edculo redactado por mi en Abc el domingo 7 de octubre de 1979.\u00a0 Si pudiera retroceder en el tiempo, lo borrar\u00eda. La madurez solo aparece transcurrido los a\u00f1os. <\/em><\/p>\n<p><em>\u00a0<\/em><\/p>\n<p>A mis 74 a\u00f1os, con la mente clara y la mirada templada que solo dan las d\u00e9cadas, me he sentado a leer las cr\u00f3nicas que escrib\u00eda cuando apenas ten\u00eda 27.<\/p>\n<p>Hoy debo confesar un error de juventud que el tiempo se encarg\u00f3 de refutar con datos y realidades: mi visi\u00f3n sobre la migraci\u00f3n de agricultores brasile\u00f1os a Paraguay.<\/p>\n<p>Cegado por un patriotismo malentendido y los abusos pasionales propios de la inexperiencia frente al teclado, fui incapaz de ver lo que hoy es una verdad innegable.<\/p>\n<p>Cuarenta a\u00f1os despu\u00e9s, aquellos colonos a los que mir\u00e9 con desconfianza levantaron la producci\u00f3n granera de nuestro pa\u00eds.<\/p>\n<p><img loading=\"lazy\" decoding=\"async\" class=\"alignnone size-full wp-image-522\" src=\"https:\/\/24-7.com.py\/wp-content\/uploads\/2026\/08\/recur.jpg\" alt=\"\" width=\"526\" height=\"392\" srcset=\"https:\/\/24-7.com.py\/wp-content\/uploads\/2026\/08\/recur.jpg 526w, https:\/\/24-7.com.py\/wp-content\/uploads\/2026\/08\/recur-300x224.jpg 300w\" sizes=\"auto, (max-width: 526px) 100vw, 526px\" \/><\/p>\n<p><em>Esto fue verdad, luego el gobierno paraguayo expropi\u00f3 esas tierras y se puso a buscar, denodadamente, agricultores que deseen colonizarlas. Los campesinos paraguayos fueron los primeros en ser invitados a trabajar aquella selva. <\/em><\/p>\n<p><em>\u00a0<\/em><\/p>\n<p>Este art\u00edculo no es un lamento, sino la autocr\u00edtica necesaria de un periodista veterano que hoy prefiere la verdad hist\u00f3rica por encima de sus viejas y apasionadas equivocaciones juveniles.<\/p>\n<p>En 1979, el maestro Alcib\u00edades Gonz\u00e1lez Delvalle me eligi\u00f3 para acompa\u00f1arlo durante quince d\u00edas por la frontera paraguaya-brasile\u00f1a, un viaje destinado a escribir una serie de reportajes sobre aquella realidad ind\u00f3mita donde la selva a\u00fan lo dominaba todo.<\/p>\n<p>Los recortes del art\u00edculo original que ilustran esta nota son el testimonio visual de aquella \u00e9poca. Aunque el maestro firm\u00f3 la serie, el texto adjunto lo escrib\u00ed yo, y asumo hoy, desde las p\u00e1ginas de <strong><em>24\/7<\/em><\/strong>, la total responsabilidad de su contenido, liber\u00e1ndolo a \u00e9l de cualquier juicio.<\/p>\n<p><img loading=\"lazy\" decoding=\"async\" class=\"alignnone wp-image-523 size-medium\" src=\"https:\/\/24-7.com.py\/wp-content\/uploads\/2026\/08\/diario2-300x166.jpg\" alt=\"\" width=\"300\" height=\"166\" srcset=\"https:\/\/24-7.com.py\/wp-content\/uploads\/2026\/08\/diario2-300x166.jpg 300w, https:\/\/24-7.com.py\/wp-content\/uploads\/2026\/08\/diario2.jpg 759w\" sizes=\"auto, (max-width: 300px) 100vw, 300px\" \/><\/p>\n<p><em>Escrib\u00ed de buena fe, pens\u00e9 que la dictadura daba preferencia a los brasile\u00f1os por sobre los campesinos paraguayos. El tiempo demostrar\u00eda que a los compatriotas no les interesaba internarse en el monte, derribar \u00e1rboles y sembrar en la tierra nueva. Me equivoqu\u00e9. <\/em><\/p>\n<p>Visto a la distancia, reconozco que me equivoqu\u00e9 de aqu\u00ed a la luna en mis juveniles percepciones de entonces.<\/p>\n<p>Mi nacionalismo de la \u00e9poca me hac\u00eda desear fervientemente que fuesen paraguayos, y no brasile\u00f1os, quienes ocuparan y dominaran aquellos montes.<\/p>\n<p>El tiempo, sin embargo, me dar\u00eda una lecci\u00f3n de realismo socioecon\u00f3mico: aprender\u00eda despu\u00e9s que los agricultores paraguayos de ese entonces rechazaban el extremo sacrificio que implicaba abrirse paso en la selva densa.<\/p>\n<p>El Instituto de Bienestar Rural (IBR) intent\u00f3 hasta el cansancio colonizar esas tierras con compatriotas, pero no funcion\u00f3.<\/p>\n<p>Fueron los agricultores brasile\u00f1os quienes finalmente ocuparon, sufrieron y trabajaron ese suelo. Hoy, el Paraguay acusa recibo de ese proceso hist\u00f3rico: aquella selva se transform\u00f3 en un motor productivo y el pa\u00eds creci\u00f3 much\u00edsimo gracias a ello. Lo que mi juventud vio como una invasi\u00f3n, el tiempo lo transform\u00f3 en desarrollo.<\/p>\n","protected":false},"excerpt":{"rendered":"<p>Este art\u00edculo redactado por mi en Abc el domingo 7 de octubre de 1979.\u00a0 Si pudiera retroceder en el tiempo, lo borrar\u00eda. La madurez solo aparece transcurrido los&hellip;<\/p>\n","protected":false},"author":4,"featured_media":521,"comment_status":"closed","ping_status":"closed","sticky":false,"template":"","format":"standard","meta":{"footnotes":""},"categories":[10],"tags":[],"personalidad":[],"class_list":["post-520","post","type-post","status-publish","format-standard","has-post-thumbnail","hentry","category-opinion"],"_links":{"self":[{"href":"https:\/\/24-7.com.py\/index.php\/wp-json\/wp\/v2\/posts\/520","targetHints":{"allow":["GET"]}}],"collection":[{"href":"https:\/\/24-7.com.py\/index.php\/wp-json\/wp\/v2\/posts"}],"about":[{"href":"https:\/\/24-7.com.py\/index.php\/wp-json\/wp\/v2\/types\/post"}],"author":[{"embeddable":true,"href":"https:\/\/24-7.com.py\/index.php\/wp-json\/wp\/v2\/users\/4"}],"replies":[{"embeddable":true,"href":"https:\/\/24-7.com.py\/index.php\/wp-json\/wp\/v2\/comments?post=520"}],"version-history":[{"count":1,"href":"https:\/\/24-7.com.py\/index.php\/wp-json\/wp\/v2\/posts\/520\/revisions"}],"predecessor-version":[{"id":524,"href":"https:\/\/24-7.com.py\/index.php\/wp-json\/wp\/v2\/posts\/520\/revisions\/524"}],"wp:featuredmedia":[{"embeddable":true,"href":"https:\/\/24-7.com.py\/index.php\/wp-json\/wp\/v2\/media\/521"}],"wp:attachment":[{"href":"https:\/\/24-7.com.py\/index.php\/wp-json\/wp\/v2\/media?parent=520"}],"wp:term":[{"taxonomy":"category","embeddable":true,"href":"https:\/\/24-7.com.py\/index.php\/wp-json\/wp\/v2\/categories?post=520"},{"taxonomy":"post_tag","embeddable":true,"href":"https:\/\/24-7.com.py\/index.php\/wp-json\/wp\/v2\/tags?post=520"},{"taxonomy":"personalidad","embeddable":true,"href":"https:\/\/24-7.com.py\/index.php\/wp-json\/wp\/v2\/personalidad?post=520"}],"curies":[{"name":"wp","href":"https:\/\/api.w.org\/{rel}","templated":true}]}}