{"id":516,"date":"2026-08-27T04:08:17","date_gmt":"2026-08-27T07:08:17","guid":{"rendered":"https:\/\/24-7.com.py\/?p=516"},"modified":"2026-08-26T22:36:37","modified_gmt":"2026-08-27T01:36:37","slug":"dia-nacional-de-la-guarania","status":"publish","type":"post","link":"https:\/\/24-7.com.py\/index.php\/2026\/08\/27\/dia-nacional-de-la-guarania\/","title":{"rendered":"D\u00eda Nacional de la Guarania"},"content":{"rendered":"<p>El D\u00eda Nacional de la Guarania se celebra cada 27 de agosto en Paraguay en honor al natalicio de su creador, el maestro Jos\u00e9 Asunci\u00f3n Flores, Jos\u00e9 Paraguay como le llamaban sus amigos.<br \/>\nNacido en 1904 en el barrio La Chacarita, espec\u00edficamente en Punta Carap\u00e1 de Asunci\u00f3n cre\u00f3 este g\u00e9nero musical de ritmo lento y melanc\u00f3lico en 1925, estrenando la primera obra titulada Jeju\u00ed, y se diferencia de la polca paraguaya por su comp\u00e1s lento y expresivo que refleja el sentimiento del pueblo.<br \/>\nSU VIDA<br \/>\nSus padres fueron Mar\u00eda Magdalena Flores (lavandera) y el guitarrista Juan Volta. Cuando ni\u00f1o, trabaj\u00f3 como cartonero y lustrabotas para ayudar a su madre en las necesidades hogare\u00f1as. El propio Flores refiere que su historia musical empez\u00f3 robando un pedazo de pan de un negocio de las cercan\u00edas de la parroquia de San Roque, eso determin\u00f3 que fuera a una comisar\u00eda y de all\u00ed, como \u201ccastigo\u201d, en car\u00e1cter de aprendiz en la Banda de M\u00fasica de la Polic\u00eda de la Capital. Ten\u00eda 11 a\u00f1os. Y fue estudiante de composici\u00f3n de F\u00e9lix Fern\u00e1ndez y del director Salvador D\u00e9ntice. El nombre de Asunci\u00f3n se lo puso en honor a la capital paraguaya, pues su verdadero nombre era Jos\u00e9 Agust\u00edn Flores.<br \/>\nEn 1925, despu\u00e9s de experimentar diferentes arreglos con el viejo tema musical paraguayo Maer\u00e3pa reikuaase, empez\u00f3 a trabajar en el nuevo g\u00e9nero musical que llam\u00f3 Guarania. Su primer tema fue Jeju\u00ed. El prop\u00f3sito que lo acompa\u00f1\u00f3 en este nuevo g\u00e9nero fue identificar el sentir del heroico pueblo paraguayo con la m\u00fasica.<br \/>\nOBRAS<br \/>\nEn 1928 se encuentra con el poeta guaire\u00f1o Manuel Ort\u00edz Guerrero, y despu\u00e9s de componer juntos dos trabajos, crean las tres m\u00e1s bellas guaranias: India, Cerro Cor\u00e1 y Panamb\u00ed Ver\u00e1.<\/p>\n<p>En 1932 se enrola para servir en el Ej\u00e9rcito paraguayo en la Guerra del chaco, combatiendo en el frente de batallas, como sirviente de pieza de una ametralladora pesada en Boquer\u00f3n, al mando del capit\u00e1n Luis Vallejos. Luego del conflicto armado, la inestabilidad pol\u00edtica en Paraguay hizo que Flores se mude a Buenos Aires. Mientras, sus temas se difund\u00edan por todo Paraguay y el g\u00e9nero Guarania se convert\u00eda en \u00e9xito, confirmando la originalidad y creatividad de sus trabajos de.<br \/>\nEn 1944, 24 de julio, la canci\u00f3n india, con letra inicial de Rigoberto Fontao Meza y luego con la definitiva de Ortiz Guerrero tambi\u00e9n fue decretada por el gobierno paraguayo como \u201ccanci\u00f3n nacional\u201d. En Buenos Aires, Flores trabaj\u00f3 con m\u00fasica cl\u00e1sica y compuso doce sinfon\u00edas.<br \/>\nLleg\u00f3 a grabar muchas de sus composiciones en Mosc\u00fa, con los m\u00e1s grandes directores y m\u00fasicos sovi\u00e9ticos.<br \/>\nNE REND\u00c1 PE AJU es, inequ\u00edvocamente, la m\u00e1xima expresi\u00f3n amatoria en la m\u00fasica popular paraguaya. Pertenece a Manuel Ortiz Guerrero y a Jos\u00e9 Asunci\u00f3n Flores y fue dedicada a Iluminada Arias, una beldad guaire\u00f1a de la \u00e9poca en que fue escrita. La canci\u00f3n se estren\u00f3, como no pod\u00eda ser de otra manera en una serenata que tuvo un final tr\u00e1gico. Ocurri\u00f3 que el celoso padre de la homenajeada, ofuscado por oscuros sentimientos, dispar\u00f3 sobre el cantor, un hombre de apellido Barboza, hiri\u00e9ndolo de muerte. A esto se debe que Flores incluyera en el final una aut\u00e9ntica marcha f\u00fanebre y la imploraci\u00f3n \u201cSanta Mar\u00eda\u201d que se escucha dos veces en la versi\u00f3n sinf\u00f3nica, pues estas dos palabras -una manera tan paraguaya de enfrentar momentos de dolor y desaz\u00f3n- hab\u00edan sido pronunciadas por el propio maestro a poco del aludido suceso.<br \/>\nDebido a la excelencia de su m\u00fasica y las contribuciones a la m\u00fasica del Paraguay y a su cultura, Flores fue galardonado con la Orden Nacional al M\u00e9rito en 1949. Sin embargo, decidi\u00f3 no aceptar la distinci\u00f3n en protesta por el asesinato del estudiante Mariano Roque Alonso, en una manifestaci\u00f3n contra el gobierno. Debido a ello, fue tratado como \u201ctraidor a la Patria\u201d por el gobierno y cuando Alfredo Stroessner era presidente de Paraguay en 1954 (hasta 1989), a Flores se le neg\u00f3 el retorno al Paraguay. As\u00ed vivi\u00f3 exiliado, impidi\u00e9ndosele a\u00fan ya enfermo (v\u00edctima del mal de Chagas), el deseo de ver su pa\u00eds y su gente antes de morir. Lo \u00fanico que se permiti\u00f3 fue seguir pasando por radio las Guaranias. Flores falleci\u00f3 en 1972, en Buenos Aires.<br \/>\nFue designado miembro del Consejo Mundial de la Paz.<br \/>\nEn 1991, Flores retorn\u00f3 al camino eterno del Paraguay, y sus restos reposan en la plaza hom\u00f3nima y de su amigo Manuel Ort\u00edz Guerrero en la ciudad de Asunci\u00f3n. Comenzado el siglo XXI es recordado como el mejor compositor y una de las m\u00e1s influyentes personalidades musicales de Paraguay.<br \/>\nDesde su creaci\u00f3n, la guarania se convirti\u00f3 en el fen\u00f3meno musical m\u00e1s importante del Paraguay gracias a temas como India, Mis noches sin ti, Recuerdos de Ypacara\u00ed, \u00d1emity, Soy de la Chacarita, Panambi Vera, Paragua\u00fdpe.<br \/>\nEl lago Ypacara\u00ed fue la fuente de inspiraci\u00f3n de una de las guaranias m\u00e1s conocidas internacionalmente, Recuerdos de Ypacara\u00ed, con letra de Zulema de Mirkin y m\u00fasica de Demetrio Ortiz.<br \/>\nEntre los compositores que abordaron este g\u00e9nero musical se destacan nombres como el de Jos\u00e9 Asunci\u00f3n Flores, Agust\u00edn Barboza, Demetrio Ortiz, Florent\u00edn Gim\u00e9nez, Herminio Gim\u00e9nez, Maneco Galeano, Mauricio Cardozo Ocampo, Epifanio M\u00e9ndez Fleitas, Eladio Mart\u00ednez, Emigdio Ayala B\u00e1ez, y otros.<br \/>\nLos amores de un soltero<br \/>\nJos\u00e9 Asunci\u00f3n Flores vivi\u00f3 soltero toda su vida y nunca se cas\u00f3, aunque mantuvo distintos romances a lo largo de su vida.<br \/>\nConsideraba que el matrimonio cortaba las alas del artista, por lo que eligi\u00f3 una vida libre y de entrega absoluta a la m\u00fasica. Comparti\u00f3 su vida en pareja con distintas mujeres de manera temporal, priorizando siempre su vocaci\u00f3n creativa por encima de las ataduras formales. Su vida rom\u00e1ntica estuvo marcada por la pasi\u00f3n y la nostalgia, inspirando piezas entra\u00f1ables como el romance de cinco a\u00f1os que mantuvo con Concepci\u00f3n Luparello, a quien le compuso una c\u00e9lebre guarania que lleva su nombre.<\/p>\n","protected":false},"excerpt":{"rendered":"<p>El D\u00eda Nacional de la Guarania se celebra cada 27 de agosto en Paraguay en honor al natalicio de su creador, el maestro Jos\u00e9 Asunci\u00f3n Flores, Jos\u00e9 Paraguay&hellip;<\/p>\n","protected":false},"author":5,"featured_media":517,"comment_status":"closed","ping_status":"closed","sticky":false,"template":"","format":"standard","meta":{"footnotes":""},"categories":[60],"tags":[],"personalidad":[],"class_list":["post-516","post","type-post","status-publish","format-standard","has-post-thumbnail","hentry","category-un-dia-como-hoy"],"_links":{"self":[{"href":"https:\/\/24-7.com.py\/index.php\/wp-json\/wp\/v2\/posts\/516","targetHints":{"allow":["GET"]}}],"collection":[{"href":"https:\/\/24-7.com.py\/index.php\/wp-json\/wp\/v2\/posts"}],"about":[{"href":"https:\/\/24-7.com.py\/index.php\/wp-json\/wp\/v2\/types\/post"}],"author":[{"embeddable":true,"href":"https:\/\/24-7.com.py\/index.php\/wp-json\/wp\/v2\/users\/5"}],"replies":[{"embeddable":true,"href":"https:\/\/24-7.com.py\/index.php\/wp-json\/wp\/v2\/comments?post=516"}],"version-history":[{"count":1,"href":"https:\/\/24-7.com.py\/index.php\/wp-json\/wp\/v2\/posts\/516\/revisions"}],"predecessor-version":[{"id":518,"href":"https:\/\/24-7.com.py\/index.php\/wp-json\/wp\/v2\/posts\/516\/revisions\/518"}],"wp:featuredmedia":[{"embeddable":true,"href":"https:\/\/24-7.com.py\/index.php\/wp-json\/wp\/v2\/media\/517"}],"wp:attachment":[{"href":"https:\/\/24-7.com.py\/index.php\/wp-json\/wp\/v2\/media?parent=516"}],"wp:term":[{"taxonomy":"category","embeddable":true,"href":"https:\/\/24-7.com.py\/index.php\/wp-json\/wp\/v2\/categories?post=516"},{"taxonomy":"post_tag","embeddable":true,"href":"https:\/\/24-7.com.py\/index.php\/wp-json\/wp\/v2\/tags?post=516"},{"taxonomy":"personalidad","embeddable":true,"href":"https:\/\/24-7.com.py\/index.php\/wp-json\/wp\/v2\/personalidad?post=516"}],"curies":[{"name":"wp","href":"https:\/\/api.w.org\/{rel}","templated":true}]}}