{"id":513,"date":"2026-08-27T04:03:35","date_gmt":"2026-08-27T07:03:35","guid":{"rendered":"https:\/\/24-7.com.py\/?p=513"},"modified":"2026-08-26T21:55:33","modified_gmt":"2026-08-27T00:55:33","slug":"murio-ruben-rada-a-los-83-anos","status":"publish","type":"post","link":"https:\/\/24-7.com.py\/index.php\/2026\/08\/27\/murio-ruben-rada-a-los-83-anos\/","title":{"rendered":"Muri\u00f3 Rub\u00e9n Rada a los 83 a\u00f1os"},"content":{"rendered":"<p>El m\u00fasico falleci\u00f3 ayer mi\u00e9rcoles a los 83 a\u00f1os tras permanecer un mes internado por una neumon\u00eda. Deja una obra que cambi\u00f3 la m\u00fasica popular, adem\u00e1s de varios proyectos que preparaba para los pr\u00f3ximos meses.<br \/>\nRada, una de las figuras m\u00e1s importantes de la historia de la m\u00fasica uruguaya llevaba cerca de un mes internado a ra\u00edz de una neumon\u00eda bilateral y su muerte fue confirmada por su familia a trav\u00e9s de las redes del artista.<br \/>\n\u00abCon much\u00edsimo dolor les comunicamos que hoy, mi\u00e9rcoles 26 de agosto, a las 15.30, se fue, y ahora descansa en paz, nuestro querido esposo, padre y abuelo. Despu\u00e9s de pelear un mes contra una neumon\u00eda y sus complicaciones\u00bb. \u00abGracias a todos por los mensajes de preocupaci\u00f3n, y el amor de hoy y siempre. Infinitas gracias a todo el equipo que hizo todo lo posible y m\u00e1s\u00bb.<br \/>\nNacido en Montevideo el 16 de julio de 1943, Rada desarroll\u00f3 una carrera de m\u00e1s de seis d\u00e9cadas que cambi\u00f3 para siempre la m\u00fasica popular uruguaya. Integr\u00f3 El Kinto, T\u00f3tem y Opa, tres grupos esenciales para entender la evoluci\u00f3n del candombe y el rock en el R\u00edo de la Plata, y construy\u00f3 adem\u00e1s una prol\u00edfica carrera solista con cl\u00e1sicos como \u00abLas manzanas\u00bb, \u00abMi pa\u00eds\u00bb, \u00abCha-cha muchacha\u00bb, \u00abDedos\u00bb, \u00abBlumana\u00bb y \u00abMuriendo de plena\u00bb.<br \/>\nSu fallecimiento ocurri\u00f3 apenas semanas despu\u00e9s de haber celebrado sus 83 a\u00f1os y cuando atravesaba un momento de intensa actividad art\u00edstica. Trabajaba en un disco junto al grupo argentino Los Aut\u00e9nticos Decadentes, hab\u00eda anunciado dos conciertos con el brasile\u00f1o Chico C\u00e9sar en Buenos Aires y preparaba un homenaje a T\u00f3tem con dos funciones previstas para octubre en el Auditorio Nacional del Sodre. All\u00ed iba a reencontrarse con el bajista Daniel \u00abLobito\u00bb Lagarde y el baterista Santiago Almeijenda, los dos integrantes originales vivos del grupo.<\/p>\n<p>El mismo d\u00eda de su cumplea\u00f1os hab\u00eda estrenado \u00bfQui\u00e9n va a cantar?, un proyecto audiovisual en el que recib\u00eda a distintos artistas para intercambiar repertorios y reinterpretar canciones emblem\u00e1ticas. El primer episodio reuni\u00f3 a Rada con La Vela Puerca para grabar nuevas versiones de \u00abEl Viejo\u00bb y \u00abBiafra\u00bb, en una propuesta que resum\u00eda una idea que atraves\u00f3 toda su trayectoria: el encuentro entre generaciones a trav\u00e9s de la m\u00fasica.<br \/>\nEse 16 de julio tambi\u00e9n comparti\u00f3 una imagen del ensayo junto a Lagarde y celebr\u00f3 el momento en sus redes sociales. \u00ab\u00a1Muchas gracias a todos por los saludos de cumplea\u00f1os! Lo pas\u00e9 feliz y emocionado en familia y ensayando, despu\u00e9s de tantos a\u00f1os, con mi amigo el bajista Daniel &#8216;Lobito&#8217; Lagarde para el gran homenaje a T\u00f3tem que se viene\u00bb, escribi\u00f3. \u00ab\u00a1Estoy muy feliz, en mis j\u00f3venes 83 a\u00f1os, de seguir disfrutando de proyectos tan lindos! \u00a1Un abrazo grande!\u00bb.<br \/>\nSu \u00faltima aparici\u00f3n p\u00fablica ocurri\u00f3 el s\u00e1bado 25 de julio, asisti\u00f3 a un festival al aire libre para ver a la cantante argentina Abril Olivera y permaneci\u00f3 entre el p\u00fablico mientras su hijo Mat\u00edas interpretaba \u00abD\u00edas de esos\u00bb, de T\u00f3tem. Quienes estuvieron all\u00ed lo recuerdan sonriente, atento a cada canci\u00f3n y disfrutando de la m\u00fasica de los dem\u00e1s con el mismo entusiasmo que mantuvo durante toda su carrera.<br \/>\nEn los \u00faltimos a\u00f1os hablaba con frecuencia sobre el paso del tiempo, aunque siempre desde la necesidad de seguir creando. En entrevistas con el peri\u00f3dico El Pa\u00eds cont\u00f3 que trabajaba en nuevos discos y revel\u00f3 que esperaba dejar grabaciones in\u00e9ditas para que vieran la luz en el futuro. \u00abYo quiero dejar un mont\u00f3n de m\u00fasica y que est\u00e9 siempre ah\u00ed, en la vuelta, para que la escuche el que quiera\u00bb, dijo.<\/p>\n","protected":false},"excerpt":{"rendered":"<p>El m\u00fasico falleci\u00f3 ayer mi\u00e9rcoles a los 83 a\u00f1os tras permanecer un mes internado por una neumon\u00eda. Deja una obra que cambi\u00f3 la m\u00fasica popular, adem\u00e1s de varios&hellip;<\/p>\n","protected":false},"author":5,"featured_media":514,"comment_status":"closed","ping_status":"closed","sticky":false,"template":"","format":"standard","meta":{"footnotes":""},"categories":[8],"tags":[],"personalidad":[],"class_list":["post-513","post","type-post","status-publish","format-standard","has-post-thumbnail","hentry","category-sociedad"],"_links":{"self":[{"href":"https:\/\/24-7.com.py\/index.php\/wp-json\/wp\/v2\/posts\/513","targetHints":{"allow":["GET"]}}],"collection":[{"href":"https:\/\/24-7.com.py\/index.php\/wp-json\/wp\/v2\/posts"}],"about":[{"href":"https:\/\/24-7.com.py\/index.php\/wp-json\/wp\/v2\/types\/post"}],"author":[{"embeddable":true,"href":"https:\/\/24-7.com.py\/index.php\/wp-json\/wp\/v2\/users\/5"}],"replies":[{"embeddable":true,"href":"https:\/\/24-7.com.py\/index.php\/wp-json\/wp\/v2\/comments?post=513"}],"version-history":[{"count":1,"href":"https:\/\/24-7.com.py\/index.php\/wp-json\/wp\/v2\/posts\/513\/revisions"}],"predecessor-version":[{"id":515,"href":"https:\/\/24-7.com.py\/index.php\/wp-json\/wp\/v2\/posts\/513\/revisions\/515"}],"wp:featuredmedia":[{"embeddable":true,"href":"https:\/\/24-7.com.py\/index.php\/wp-json\/wp\/v2\/media\/514"}],"wp:attachment":[{"href":"https:\/\/24-7.com.py\/index.php\/wp-json\/wp\/v2\/media?parent=513"}],"wp:term":[{"taxonomy":"category","embeddable":true,"href":"https:\/\/24-7.com.py\/index.php\/wp-json\/wp\/v2\/categories?post=513"},{"taxonomy":"post_tag","embeddable":true,"href":"https:\/\/24-7.com.py\/index.php\/wp-json\/wp\/v2\/tags?post=513"},{"taxonomy":"personalidad","embeddable":true,"href":"https:\/\/24-7.com.py\/index.php\/wp-json\/wp\/v2\/personalidad?post=513"}],"curies":[{"name":"wp","href":"https:\/\/api.w.org\/{rel}","templated":true}]}}