{"id":509,"date":"2026-08-27T04:04:19","date_gmt":"2026-08-27T07:04:19","guid":{"rendered":"https:\/\/24-7.com.py\/?p=509"},"modified":"2026-08-26T22:18:34","modified_gmt":"2026-08-27T01:18:34","slug":"adios-al-agudo-retratista-de-las-musaranas","status":"publish","type":"post","link":"https:\/\/24-7.com.py\/index.php\/2026\/08\/27\/adios-al-agudo-retratista-de-las-musaranas\/","title":{"rendered":"Adi\u00f3s al agudo retratista de \u00abLas musara\u00f1as\u00bb"},"content":{"rendered":"<p>El \u00e1mbito cultural paraguayo despide con profundo pesar al periodista, fot\u00f3grafo y escritor Jes\u00fas Ruiz Nestosa, quien falleci\u00f3 recientemente en Salamanca, Espa\u00f1a, a los 85 a\u00f1os. Dej\u00f3 atr\u00e1s un extenso legado que tendi\u00f3 puentes inquebrantables entre la palabra y la imagen.<\/p>\n<p><img loading=\"lazy\" decoding=\"async\" class=\"alignnone size-full wp-image-510\" src=\"https:\/\/24-7.com.py\/wp-content\/uploads\/2026\/08\/JESSUS.jpg\" alt=\"\" width=\"333\" height=\"600\" srcset=\"https:\/\/24-7.com.py\/wp-content\/uploads\/2026\/08\/JESSUS.jpg 333w, https:\/\/24-7.com.py\/wp-content\/uploads\/2026\/08\/JESSUS-167x300.jpg 167w\" sizes=\"auto, (max-width: 333px) 100vw, 333px\" \/><\/p>\n<p><em>Tapa de \u201cLas musara\u00f1as\u201d. <\/em><\/p>\n<p>Dentro de su producci\u00f3n literaria resalta con luz propia <em>Las musara\u00f1as<\/em> (1973), su c\u00e9lebre primera novela editada en Buenos Aires. La obra rompi\u00f3 moldes en su \u00e9poca gracias a una estructura experimental y desafiante.<\/p>\n<p>Su argumento se sumerge en la intimidad de una familia arribista, desnudando con una mirada l\u00facida y cr\u00edtica su ascenso social y su inevitable decadencia posterior.<\/p>\n<p><img loading=\"lazy\" decoding=\"async\" class=\"alignnone size-full wp-image-511\" src=\"https:\/\/24-7.com.py\/wp-content\/uploads\/2026\/08\/JESUS-RUIS.jpg\" alt=\"\" width=\"281\" height=\"422\" srcset=\"https:\/\/24-7.com.py\/wp-content\/uploads\/2026\/08\/JESUS-RUIS.jpg 281w, https:\/\/24-7.com.py\/wp-content\/uploads\/2026\/08\/JESUS-RUIS-200x300.jpg 200w\" sizes=\"auto, (max-width: 281px) 100vw, 281px\" \/><\/p>\n<p><em>Jes\u00fas Ru\u00edz Nestosa. <\/em><\/p>\n<p>A trav\u00e9s de esta cr\u00f3nica familiar, Ruiz Nestosa logr\u00f3 esquivar sutilmente las barreras de la censura de la \u00e9poca para retratar las ambiciones y contradicciones de la sociedad.<\/p>\n","protected":false},"excerpt":{"rendered":"<p>El \u00e1mbito cultural paraguayo despide con profundo pesar al periodista, fot\u00f3grafo y escritor Jes\u00fas Ruiz Nestosa, quien falleci\u00f3 recientemente en Salamanca, Espa\u00f1a, a los 85 a\u00f1os. Dej\u00f3 atr\u00e1s&hellip;<\/p>\n","protected":false},"author":6,"featured_media":511,"comment_status":"closed","ping_status":"closed","sticky":false,"template":"","format":"standard","meta":{"footnotes":""},"categories":[54],"tags":[],"personalidad":[],"class_list":["post-509","post","type-post","status-publish","format-standard","has-post-thumbnail","hentry","category-artes-y-espectaculo"],"_links":{"self":[{"href":"https:\/\/24-7.com.py\/index.php\/wp-json\/wp\/v2\/posts\/509","targetHints":{"allow":["GET"]}}],"collection":[{"href":"https:\/\/24-7.com.py\/index.php\/wp-json\/wp\/v2\/posts"}],"about":[{"href":"https:\/\/24-7.com.py\/index.php\/wp-json\/wp\/v2\/types\/post"}],"author":[{"embeddable":true,"href":"https:\/\/24-7.com.py\/index.php\/wp-json\/wp\/v2\/users\/6"}],"replies":[{"embeddable":true,"href":"https:\/\/24-7.com.py\/index.php\/wp-json\/wp\/v2\/comments?post=509"}],"version-history":[{"count":1,"href":"https:\/\/24-7.com.py\/index.php\/wp-json\/wp\/v2\/posts\/509\/revisions"}],"predecessor-version":[{"id":512,"href":"https:\/\/24-7.com.py\/index.php\/wp-json\/wp\/v2\/posts\/509\/revisions\/512"}],"wp:featuredmedia":[{"embeddable":true,"href":"https:\/\/24-7.com.py\/index.php\/wp-json\/wp\/v2\/media\/511"}],"wp:attachment":[{"href":"https:\/\/24-7.com.py\/index.php\/wp-json\/wp\/v2\/media?parent=509"}],"wp:term":[{"taxonomy":"category","embeddable":true,"href":"https:\/\/24-7.com.py\/index.php\/wp-json\/wp\/v2\/categories?post=509"},{"taxonomy":"post_tag","embeddable":true,"href":"https:\/\/24-7.com.py\/index.php\/wp-json\/wp\/v2\/tags?post=509"},{"taxonomy":"personalidad","embeddable":true,"href":"https:\/\/24-7.com.py\/index.php\/wp-json\/wp\/v2\/personalidad?post=509"}],"curies":[{"name":"wp","href":"https:\/\/api.w.org\/{rel}","templated":true}]}}