{"id":506,"date":"2026-08-27T04:02:27","date_gmt":"2026-08-27T07:02:27","guid":{"rendered":"https:\/\/24-7.com.py\/?p=506"},"modified":"2026-08-26T21:47:08","modified_gmt":"2026-08-27T00:47:08","slug":"el-botin-del-indert-y-los-negociados-a-la-sombra-del-poder","status":"publish","type":"post","link":"https:\/\/24-7.com.py\/index.php\/2026\/08\/27\/el-botin-del-indert-y-los-negociados-a-la-sombra-del-poder\/","title":{"rendered":"El bot\u00edn del INDERT y los negociados a la sombra del poder"},"content":{"rendered":"<p><em><img loading=\"lazy\" decoding=\"async\" class=\"alignnone wp-image-429 size-medium\" src=\"https:\/\/24-7.com.py\/wp-content\/uploads\/2026\/08\/titular-265x300.jpg\" alt=\"\" width=\"265\" height=\"300\" srcset=\"https:\/\/24-7.com.py\/wp-content\/uploads\/2026\/08\/titular-265x300.jpg 265w, https:\/\/24-7.com.py\/wp-content\/uploads\/2026\/08\/titular-903x1024.jpg 903w, https:\/\/24-7.com.py\/wp-content\/uploads\/2026\/08\/titular-768x870.jpg 768w, https:\/\/24-7.com.py\/wp-content\/uploads\/2026\/08\/titular.jpg 967w\" sizes=\"auto, (max-width: 265px) 100vw, 265px\" \/><\/em><\/p>\n<p><em>Elvio Ben\u00edtez, capturado, luego liberado pero con prisi\u00f3n domiciliaria y con tobillera.<\/em><\/p>\n<p>Para entender la fortuna y el impune avance pol\u00edtico de Elvio Ben\u00edtez, es mandatorio abrir los archivos de su \u00e9poca de mayor esplendor e influencia estatal: el gobierno de Fernando Lugo (2008-2012).<\/p>\n<p>Durante esos cuatro a\u00f1os, el Instituto Nacional de Desarrollo Rural y de la Tierra (INDERT) no funcion\u00f3 como un ente de reforma agraria para los despose\u00eddos, sino como una oficina de adjudicaciones a la medida de los intereses de Ben\u00edtez y su entorno.<\/p>\n<p>Protegido por el sesgo ideol\u00f3gico y la complicidad del Ejecutivo, el supuesto \u00abl\u00edder de los pobres\u00bb instal\u00f3 terminales de recaudaci\u00f3n y adjudicaci\u00f3n que desangraron los recursos destinados al campo.<\/p>\n<p>Las auditor\u00edas e investigaciones de la era pos-Lugo sacaron a la luz un sofisticado esquema de tr\u00e1fico de influencias y negociados con tierras fiscales en regiones clave, incluyendo el Chaco paraguayo.<\/p>\n<p>El modus operandi era perverso: expedientes de valiosas tierras p\u00fablicas eran retenidos, manipulados o direccionados a trav\u00e9s de operadores jur\u00eddicos de la instituci\u00f3n en complicidad con el entorno familiar y pol\u00edtico del dirigente.<\/p>\n<p>Uno de los casos m\u00e1s escandalosos documentados vincul\u00f3 directamente a su pareja, la ciudadana brasile\u00f1a Amapola Piacentini, se\u00f1alada en denuncias p\u00fablicas por operar de cerca con las asesor\u00edas jur\u00eddicas del INDERT para facilitar transferencias irregulares de miles de hect\u00e1reas a favor de firmas extranjeras por montos millonarios en d\u00f3lares.<\/p>\n<p>Mientras el campesino com\u00fan esperaba a\u00f1os por un pedazo de tierra para subsistir, el clan Ben\u00edtez facturaba fortunas mediante el despojo de los derechos agrarios.<\/p>\n<p><img loading=\"lazy\" decoding=\"async\" class=\"alignnone size-full wp-image-507\" src=\"https:\/\/24-7.com.py\/wp-content\/uploads\/2026\/08\/quien-es-elvio.jpg\" alt=\"\" width=\"206\" height=\"205\" srcset=\"https:\/\/24-7.com.py\/wp-content\/uploads\/2026\/08\/quien-es-elvio.jpg 206w, https:\/\/24-7.com.py\/wp-content\/uploads\/2026\/08\/quien-es-elvio-150x150.jpg 150w\" sizes=\"auto, (max-width: 206px) 100vw, 206px\" \/><\/p>\n<p><em>Foto de Ben\u00edtez en su cuenta en Facebook. <\/em><\/p>\n<p>El INDERT se convirti\u00f3 as\u00ed en la caja fuerte de Elvio Ben\u00edtez, el lugar donde consolid\u00f3 el capital financiero necesario para sostener su estructura violenta.<\/p>\n<p>Con lo recaudado a expensas de la reforma agraria genuina, financi\u00f3 por d\u00e9cadas las log\u00edsticas de invasi\u00f3n, el transporte de piqueteros y el blindaje judicial que lo mantuvo inmune durante a\u00f1os.<\/p>\n<p>Aquella omnipotencia institucional no fue m\u00e1s que el ensayo general de su gran ambici\u00f3n. Quien manej\u00f3 el INDERT a su antojo y convirti\u00f3 la necesidad rural en un negocio de transferencias millonarias en d\u00f3lares, busca hoy aplicar la misma receta a escala nacional, pretendiendo comprar con el dinero del despojo el m\u00e1ximo cargo de la Rep\u00fablica.<\/p>\n","protected":false},"excerpt":{"rendered":"<p>Elvio Ben\u00edtez, capturado, luego liberado pero con prisi\u00f3n domiciliaria y con tobillera. Para entender la fortuna y el impune avance pol\u00edtico de Elvio Ben\u00edtez, es mandatorio abrir los&hellip;<\/p>\n","protected":false},"author":6,"featured_media":429,"comment_status":"closed","ping_status":"closed","sticky":false,"template":"","format":"standard","meta":{"footnotes":""},"categories":[65],"tags":[],"personalidad":[],"class_list":["post-506","post","type-post","status-publish","format-standard","has-post-thumbnail","hentry","category-quien-es-elvio-benitez-iv"],"_links":{"self":[{"href":"https:\/\/24-7.com.py\/index.php\/wp-json\/wp\/v2\/posts\/506","targetHints":{"allow":["GET"]}}],"collection":[{"href":"https:\/\/24-7.com.py\/index.php\/wp-json\/wp\/v2\/posts"}],"about":[{"href":"https:\/\/24-7.com.py\/index.php\/wp-json\/wp\/v2\/types\/post"}],"author":[{"embeddable":true,"href":"https:\/\/24-7.com.py\/index.php\/wp-json\/wp\/v2\/users\/6"}],"replies":[{"embeddable":true,"href":"https:\/\/24-7.com.py\/index.php\/wp-json\/wp\/v2\/comments?post=506"}],"version-history":[{"count":1,"href":"https:\/\/24-7.com.py\/index.php\/wp-json\/wp\/v2\/posts\/506\/revisions"}],"predecessor-version":[{"id":508,"href":"https:\/\/24-7.com.py\/index.php\/wp-json\/wp\/v2\/posts\/506\/revisions\/508"}],"wp:featuredmedia":[{"embeddable":true,"href":"https:\/\/24-7.com.py\/index.php\/wp-json\/wp\/v2\/media\/429"}],"wp:attachment":[{"href":"https:\/\/24-7.com.py\/index.php\/wp-json\/wp\/v2\/media?parent=506"}],"wp:term":[{"taxonomy":"category","embeddable":true,"href":"https:\/\/24-7.com.py\/index.php\/wp-json\/wp\/v2\/categories?post=506"},{"taxonomy":"post_tag","embeddable":true,"href":"https:\/\/24-7.com.py\/index.php\/wp-json\/wp\/v2\/tags?post=506"},{"taxonomy":"personalidad","embeddable":true,"href":"https:\/\/24-7.com.py\/index.php\/wp-json\/wp\/v2\/personalidad?post=506"}],"curies":[{"name":"wp","href":"https:\/\/api.w.org\/{rel}","templated":true}]}}