{"id":477,"date":"2026-08-26T04:02:07","date_gmt":"2026-08-26T07:02:07","guid":{"rendered":"https:\/\/24-7.com.py\/?p=477"},"modified":"2026-08-25T20:52:21","modified_gmt":"2026-08-25T23:52:21","slug":"lider-campesino-politico-o-engranaje-de-extorsion","status":"publish","type":"post","link":"https:\/\/24-7.com.py\/index.php\/2026\/08\/26\/lider-campesino-politico-o-engranaje-de-extorsion\/","title":{"rendered":"\u00bfL\u00cdDER CAMPESINO, POL\u00cdTICO O ENGRANAJE DE EXTORSI\u00d3N?"},"content":{"rendered":"<p><img loading=\"lazy\" decoding=\"async\" class=\"alignnone wp-image-478 \" src=\"https:\/\/24-7.com.py\/wp-content\/uploads\/2026\/08\/Elvio.jpg\" alt=\"\" width=\"149\" height=\"232\" \/><\/p>\n<p><em>Elvio Ben\u00edtez en 2005, casi un carita sucia, pero temible extorsionador. <\/em><\/p>\n<p>El norte del departamento de San Pedro ha sido, hist\u00f3ricamente, el epicentro de leg\u00edtimas reivindicaciones campesinas. Sin embargo, detr\u00e1s de la bandera de la lucha por la tierra, emergen figuras cuyo liderazgo real es hoy cuestionado por los propios hechos y archivos oficiales. Elvio Ben\u00edtez representa, para muchos, la metamorfosis de la dirigencia rural: el tr\u00e1nsito de la precariedad absoluta a la acumulaci\u00f3n de un patrimonio indescifrable. \u00bfEstamos ante un aut\u00e9ntico conductor social o ante un eficaz aparato de presi\u00f3n y beneficio propio?<\/p>\n<p>En el escenario pol\u00edtico paraguayo, las aspiraciones electorales exigen un m\u00fasculo financiero que el campesinado com\u00fan no posee. Ben\u00edtez nunca ocult\u00f3 su deseo de ocupar espacios de poder en el estamento p\u00fablico, ya sea a nivel municipal, departamental, parlamentario o incluso en la carrera presidencial.<\/p>\n<p>Para dimensionar el costo de estas ambiciones en Paraguay, basta remitirse a las declaraciones de una referente del Partido Liberal Radical Aut\u00e9ntico (PLRA), quien confes\u00f3 haber invertido de sus propios fondos la suma de 200.000 d\u00f3lares americanos para asegurar una banca en el Congreso. Ante esta realidad, cabe preguntarse: \u00bfC\u00f3mo financi\u00f3 Ben\u00edtez sus recurrentes campa\u00f1as y pretensiones pol\u00edticas?<\/p>\n<p>DE LA PRECARIEDAD EN 1989 A LA OPULENCIA EN 2026<\/p>\n<p>Los registros documentales trazan una l\u00ednea de tiempo contradictoria. En 1989, durante la ocupaci\u00f3n de la propiedad de Francisco Clari Vega, Elvio Ben\u00edtez carec\u00eda de los recursos m\u00e1s elementales.<\/p>\n<p>Tres d\u00e9cadas despu\u00e9s, el panorama es radicalmente opuesto. Cr\u00f3nicas period\u00edsticas sustentadas en informes oficiales revelan que Ben\u00edtez pas\u00f3 de la vulnerabilidad econ\u00f3mica a convertirse en un pr\u00f3spero propietario: estancias, maquinaria agr\u00edcola pesada, veh\u00edculos de \u00faltima gama y cuentas bancarias robustas componen su patrimonio actual.<\/p>\n<p>De acuerdo con los antecedentes, esta fortuna se habr\u00eda cimentado mediante la instrumentalizaci\u00f3n de productores de s\u00e9samo y comunidades vulnerables. Utilizando la movilizaci\u00f3n social como moneda de cambio, Ben\u00edtez presuntamente articul\u00f3 un sistema de chantaje financiero contra el Estado, obteniendo millonarios recursos p\u00fablicos en nombre de una base campesina que, en su mayor\u00eda, continu\u00f3 sumida en la pobreza.<\/p>\n<p>Diversas fuentes se\u00f1alan que el cat\u00e1logo de m\u00e9todos de recaudaci\u00f3n del dirigente no se limit\u00f3 a la protesta masiva, sino que roz\u00f3 la ilegalidad mediante amenazas, extorsiones en rutas e incluso la supuesta vinculaci\u00f3n con la producci\u00f3n de sustancias il\u00edcitas en la zona.<\/p>\n<p>PEAJERO Y DELINCUENTE\u201d<\/p>\n<p>Las cr\u00edticas hacia su gesti\u00f3n no provienen \u00fanicamente de sectores civiles. En marzo de 2009, el entonces ministro de Agricultura y Ganader\u00eda, C\u00e1ndido Vera Bejarano, fue categ\u00f3rico al definir la conducta del pol\u00e9mico dirigente:<\/p>\n<p><em>\u00abPeajero y delincuente&#8230; aprovecha cualquier coyuntura para exigir al gobierno a ceder ante sus exigencias y recibir recursos\u00bb<\/em>. <em>(Diario ABC Color, 17 de marzo de 2009, p. 20).<\/em><\/p>\n<p><img loading=\"lazy\" decoding=\"async\" class=\"wp-image-479  aligncenter\" src=\"https:\/\/24-7.com.py\/wp-content\/uploads\/2026\/08\/diario-abc.jpg\" alt=\"\" width=\"692\" height=\"399\" srcset=\"https:\/\/24-7.com.py\/wp-content\/uploads\/2026\/08\/diario-abc.jpg 990w, https:\/\/24-7.com.py\/wp-content\/uploads\/2026\/08\/diario-abc-300x173.jpg 300w, https:\/\/24-7.com.py\/wp-content\/uploads\/2026\/08\/diario-abc-768x443.jpg 768w\" sizes=\"auto, (max-width: 692px) 100vw, 692px\" \/><\/p>\n<p><em>Publicaci\u00f3n de Abc Color, martes 17 de marzo de 2009, gobernaba Fernando Lugo. <\/em><\/p>\n<p>&nbsp;<\/p>\n<p>Esta declaraci\u00f3n oficial desnudaba ante la opini\u00f3n p\u00fablica lo que en el norte ya era un secreto a voces: la instrumentalizaci\u00f3n de la necesidad rural para forzar desembolsos estatales que rara vez llegaban a los verdaderos beneficiarios.<\/p>\n<p>Para comprender el origen de este entramado, es imperativo revisar el archivo hist\u00f3rico. En febrero de 1994, la serie investigativa de Abc titulada <em>\u00abTava Guaran\u00ed: Lucha entre la miseria y la esperanza\u00bb<\/em>, firmada por el enviado especial Esteban Acevedo Flor, expuso el testimonio directo de quienes convivieron con Ben\u00edtez en el asentamiento, originalmente conocido bajo el sombr\u00edo alias de \u201cTava\u00b4i Borda II\u201d.<\/p>\n<p><img loading=\"lazy\" decoding=\"async\" class=\"size-full wp-image-480 aligncenter\" src=\"https:\/\/24-7.com.py\/wp-content\/uploads\/2026\/08\/otro-abc.jpg\" alt=\"\" width=\"472\" height=\"467\" srcset=\"https:\/\/24-7.com.py\/wp-content\/uploads\/2026\/08\/otro-abc.jpg 472w, https:\/\/24-7.com.py\/wp-content\/uploads\/2026\/08\/otro-abc-300x297.jpg 300w\" sizes=\"auto, (max-width: 472px) 100vw, 472px\" \/><\/p>\n<p><em>El senador Alberto Grill\u00f3n no andaba con eufemismos, calific\u00f3 sin espacio para la duda, de \u201cmarihuanero\u201d al agitador campesino. <\/em><\/p>\n<p>Los relatos de los colonos describen un r\u00e9gimen de control absoluto, m\u00e1s cercano a un cuartel militar que a una cooperativa agr\u00edcola. Fidel Garc\u00eda, un joven campesino que habit\u00f3 el asentamiento hasta finales de los noventa, recordaba la din\u00e1mica interna con crudeza:<\/p>\n<p><em>\u00abElvio Ben\u00edtez nunca quer\u00eda trabajar, solo ordenaba, amagaba hacer algo, pero siempre terminaba por no hacer nada. Al final es el culpable de que el asentamiento haya fracasado y nosotros volvi\u00e9ramos m\u00e1s pobres de cuando fuimos\u00bb<\/em>.<\/p>\n<p><img loading=\"lazy\" decoding=\"async\" class=\"size-full wp-image-481 aligncenter\" src=\"https:\/\/24-7.com.py\/wp-content\/uploads\/2026\/08\/otras-fotos.jpg\" alt=\"\" width=\"366\" height=\"556\" srcset=\"https:\/\/24-7.com.py\/wp-content\/uploads\/2026\/08\/otras-fotos.jpg 366w, https:\/\/24-7.com.py\/wp-content\/uploads\/2026\/08\/otras-fotos-197x300.jpg 197w\" sizes=\"auto, (max-width: 366px) 100vw, 366px\" \/><\/p>\n<p style=\"text-align: center;\"><em>Fidel Garc\u00eda en 1994 (Archivo).<\/em><\/p>\n<p>&nbsp;<\/p>\n<p>&nbsp;<\/p>\n<p>El testimonio de Garc\u00eda coincide con el de otros pobladores que denunciaron la intransigencia de Ben\u00edtez y su aliado, de apellido Zeballos, como la causa principal del abandono masivo de las tierras por parte de decenas de familias.<\/p>\n<p>La radicalizaci\u00f3n de los discursos ten\u00eda un trasfondo estrat\u00e9gico.<\/p>\n<p>Mientras las instituciones del Estado \u2014a trav\u00e9s del Instituto de Bienestar Rural (IBR)\u2014 ofrec\u00edan la adjudicaci\u00f3n de 10 hect\u00e1reas por familia, una cantidad razonable para la agricultura familiar de la \u00e9poca, Ben\u00edtez impon\u00eda la consigna extrema de <em>\u00ab20 hect\u00e1reas o la muerte\u00bb<\/em>.<\/p>\n<p>Aquellos que osaban cuestionar la viabilidad de la propuesta pagaban un precio muy alto.<\/p>\n<p>El caso m\u00e1s tr\u00e1gico documentado en la colonia fue el de Ram\u00f3n Torales &#8211; cuyo nombre real era Jos\u00e9 Domingo Gaona -. Torales, un l\u00edder alternativo que abogaba por aceptar las 10 hect\u00e1reas y comenzar a trabajar la tierra de inmediato, se convirti\u00f3 en el principal obst\u00e1culo para los planes de Ben\u00edtez. Tras ser catalogado como disidente y recibir constantes amenazas por parte de la c\u00fapula leal a Ben\u00edtez (donde operaban figuras como Eustaquio Mart\u00ednez), Torales fue asesinado a tiros en la entrada de su propio rancho.<\/p>\n<p>Los colonos de la \u00e9poca no dudaron en se\u00f1alar que el ejecutor provino directamente del entorno cerrado de Elvio Ben\u00edtez.<\/p>\n<p><img loading=\"lazy\" decoding=\"async\" class=\"size-full wp-image-482 aligncenter\" src=\"https:\/\/24-7.com.py\/wp-content\/uploads\/2026\/08\/otra-foto-2.jpg\" alt=\"\" width=\"268\" height=\"220\" \/><\/p>\n<p><em>Fila de invasores de la propiedad de Francisco Clari Vega, organizada por Elvio Ben\u00edtez. As\u00ed empez\u00f3 sus correr\u00edas (foto del autor de esta serie y publicada en Abc Color en octubre de 1989).<\/em><\/p>\n<p>La historia de Elvio Ben\u00edtez en San Pedro no es la cr\u00f3nica de un \u00e9xito cooperativo ni de una redenci\u00f3n social. Los archivos, los testimonios de los propios campesinos y los informes gubernamentales sugieren el dise\u00f1o de una estructura corporativa personal que utiliz\u00f3 el dolor de la exclusi\u00f3n rural para acumular riqueza y cuotas de impunidad. La investigaci\u00f3n en torno a sus bienes y su pasado sigue siendo una deuda pendiente con las verdaderas v\u00edctimas del campo paraguayo.<\/p>\n<p><strong>Ma\u00f1ana: En el gobierno de Lugo fue el mandam\u00e1s del INDERT. <\/strong><\/p>\n","protected":false},"excerpt":{"rendered":"<p>Elvio Ben\u00edtez en 2005, casi un carita sucia, pero temible extorsionador. El norte del departamento de San Pedro ha sido, hist\u00f3ricamente, el epicentro de leg\u00edtimas reivindicaciones campesinas. Sin&hellip;<\/p>\n","protected":false},"author":4,"featured_media":478,"comment_status":"closed","ping_status":"closed","sticky":false,"template":"","format":"standard","meta":{"footnotes":""},"categories":[64],"tags":[],"personalidad":[],"class_list":["post-477","post","type-post","status-publish","format-standard","has-post-thumbnail","hentry","category-quien-es-elvio-benitez-iii"],"_links":{"self":[{"href":"https:\/\/24-7.com.py\/index.php\/wp-json\/wp\/v2\/posts\/477","targetHints":{"allow":["GET"]}}],"collection":[{"href":"https:\/\/24-7.com.py\/index.php\/wp-json\/wp\/v2\/posts"}],"about":[{"href":"https:\/\/24-7.com.py\/index.php\/wp-json\/wp\/v2\/types\/post"}],"author":[{"embeddable":true,"href":"https:\/\/24-7.com.py\/index.php\/wp-json\/wp\/v2\/users\/4"}],"replies":[{"embeddable":true,"href":"https:\/\/24-7.com.py\/index.php\/wp-json\/wp\/v2\/comments?post=477"}],"version-history":[{"count":1,"href":"https:\/\/24-7.com.py\/index.php\/wp-json\/wp\/v2\/posts\/477\/revisions"}],"predecessor-version":[{"id":483,"href":"https:\/\/24-7.com.py\/index.php\/wp-json\/wp\/v2\/posts\/477\/revisions\/483"}],"wp:featuredmedia":[{"embeddable":true,"href":"https:\/\/24-7.com.py\/index.php\/wp-json\/wp\/v2\/media\/478"}],"wp:attachment":[{"href":"https:\/\/24-7.com.py\/index.php\/wp-json\/wp\/v2\/media?parent=477"}],"wp:term":[{"taxonomy":"category","embeddable":true,"href":"https:\/\/24-7.com.py\/index.php\/wp-json\/wp\/v2\/categories?post=477"},{"taxonomy":"post_tag","embeddable":true,"href":"https:\/\/24-7.com.py\/index.php\/wp-json\/wp\/v2\/tags?post=477"},{"taxonomy":"personalidad","embeddable":true,"href":"https:\/\/24-7.com.py\/index.php\/wp-json\/wp\/v2\/personalidad?post=477"}],"curies":[{"name":"wp","href":"https:\/\/api.w.org\/{rel}","templated":true}]}}