{"id":463,"date":"2026-08-25T04:06:11","date_gmt":"2026-08-25T07:06:11","guid":{"rendered":"https:\/\/24-7.com.py\/?p=463"},"modified":"2026-08-24T21:32:34","modified_gmt":"2026-08-25T00:32:34","slug":"el-bautismo-violento-de-un-violador-de-la-ley","status":"publish","type":"post","link":"https:\/\/24-7.com.py\/index.php\/2026\/08\/25\/el-bautismo-violento-de-un-violador-de-la-ley\/","title":{"rendered":"EL BAUTISMO VIOLENTO DE UN VIOLADOR DE LA LEY"},"content":{"rendered":"<p>El 3 de febrero de 1989 cay\u00f3 la dictadura de Alfredo Stroessner, pero la libertad reci\u00e9n nacida no trajo consigo la cordura para todos. Pocos meses despu\u00e9s, en octubre de ese mismo a\u00f1o, el departamento de San Pedro se convirti\u00f3 en el escenario donde un jovencito de apenas 23 a\u00f1os, llamado Elvio Ben\u00edtez, comenzar\u00eda a forjar su verdadera identidad: la de un usurpador de la propiedad privada y un recurrente infractor de la ley.<\/p>\n<p>En aquella ocasi\u00f3n, Ben\u00edtez, secundado por Nemesio Cabrera y Venancio Zeballos, este \u00faltimo, asesinado meses m\u00e1s tarde, aparentemente por sus propios compa\u00f1eros, lider\u00f3 la invasi\u00f3n de la propiedad de don Francisco Clari Vega, en la localidad de Guayayb\u00ed.<\/p>\n<p>Clari Vega era en ese momento un anciano, ya retirado del servicio de las Fuerzas Armadas. Lejos del poder, era un militar de bajo perfil que, en su ancianidad simplemente hac\u00eda trabajar en su chacra a su familia, mientras resid\u00eda en Asunci\u00f3n bajo estricto cuidado m\u00e9dico.<\/p>\n<p>Su \u00abpecado\u00bb, por llamarlo de alg\u00fan modo, fue su uniforme de origen.<\/p>\n<p>Tras la ca\u00edda del r\u00e9gimen, la sociedad l\u00f3gicamente despreciaba a los militares por los abusos de la dictadura. Sin embargo, don Francisco era apenas un tapado referente de las Fuerzas Armadas, ajeno a las c\u00fapulas represivas.}<\/p>\n<p>Ben\u00edtez, con absoluta vileza, habr\u00eda pensado que el simple hecho de que la tierra perteneciera a un militar le otorgaba una licencia autom\u00e1tica y \u201cpatri\u00f3tica\u201d para ingresar a ella y pisotear la propiedad privada.<\/p>\n<p>Como periodista del diario <em>Abc Color<\/em>, me toc\u00f3 cubrir ese atropello desde el terreno. Visit\u00e9 la propiedad ocupada en tres oportunidades.<\/p>\n<p>Lo que publiqu\u00e9 al d\u00eda siguiente reflej\u00f3 la verdad sin matices: un grupo de invasores violando el derecho de un anciano indefenso. Esa verdad molest\u00f3 profundamente a Ben\u00edtez, quien pretend\u00eda que la prensa maquillara su delito.<\/p>\n<p>En mi \u00faltima visita al predio, acompa\u00f1ado por colegas de otros medios, Ben\u00edtez sali\u00f3, amenazante, al paso de los trabajadores de prensa y pregunt\u00f3 a viva voz si el periodista Mart\u00ednez Cuevas estaba entre ellos. No me ten\u00eda identificado f\u00edsicamente.<\/p>\n<p>Mis compa\u00f1eros, para protegerme, negaron mi presencia. La respuesta del hoy encumbrado dirigente fue categ\u00f3rica y criminal: <em>\u00abSi ese periodista viene entre ustedes, lo vamos a matar\u00bb<\/em>. Fue mi primera amenaza de muerte en la transici\u00f3n democr\u00e1tica por el simple pecado de informar.<\/p>\n<p>Para refrescarle la memoria a Ben\u00edtez sobre qui\u00e9n escribe estas l\u00edneas, y para recordar a qui\u00e9n amenaz\u00f3, rescato de los archivos las dos fotograf\u00edas que yo mismo tom\u00e9 y que se publicaron en <em>Abc Color<\/em> el jueves 26 de octubre de 1989. Las im\u00e1genes no mienten. Su historia comenz\u00f3 con la violencia, y su frondoso prontuario judicial demuestra que nunca abandon\u00f3 ese camino.<\/p>\n<p><img loading=\"lazy\" decoding=\"async\" class=\"alignnone size-full wp-image-464\" src=\"https:\/\/24-7.com.py\/wp-content\/uploads\/2026\/08\/nota2.png\" alt=\"\" width=\"546\" height=\"216\" srcset=\"https:\/\/24-7.com.py\/wp-content\/uploads\/2026\/08\/nota2.png 546w, https:\/\/24-7.com.py\/wp-content\/uploads\/2026\/08\/nota2-300x119.png 300w\" sizes=\"auto, (max-width: 546px) 100vw, 546px\" \/><\/p>\n<p><em>Quien escribe esta serie llegaba aquella ma\u00f1ana de octubre de 1989 a la propiedad de Francisco Clari Vega mientras accionaba el disparador de su c\u00e1mara Pentax MX para registrar en pel\u00edculas b\/n en 400 asa las escenas respectivas. Cientos de campesinos convocados por Ben\u00edtez ocupaban la leg\u00edtima propiedad de un anciano paraguayo. <\/em><\/p>\n<p><strong>Una vida al margen de la ley<\/strong><\/p>\n<p>La trayectoria de Elvio Ben\u00edtez no es la de un luchador social, sino la de un hombre con cuentas pendientes cr\u00f3nicas ante la justicia. Su historial habla por s\u00ed solo y que aqu\u00ed menciono parcialmente (nadie soporta el peso de un archivo):<\/p>\n<p><strong>1989:<\/strong> Amenaza de muerte al periodista Efra\u00edn Mart\u00ednez Cuevas en la propiedad invadida de Francisco Clari Vega en Guayayb\u00ed.<\/p>\n<p>&nbsp;<\/p>\n<p><strong>1993:<\/strong> Orden de captura en Nueva Germania por el homicidio de Jos\u00e9 Domingo Gaona.<\/p>\n<p>&nbsp;<\/p>\n<p><strong>1997:<\/strong> Orden de captura emitida por un juez de Coronel Oviedo por el homicidio de Eustaquio Mart\u00ednez.<\/p>\n<p>&nbsp;<\/p>\n<p><strong>2000:<\/strong> Prisi\u00f3n preventiva en San Pedro bajo los cargos de asalto, secuestro e intento de homicidio.<\/p>\n<p>&nbsp;<\/p>\n<p><strong>2004:<\/strong> Prisi\u00f3n preventiva por asociaci\u00f3n criminal, invasi\u00f3n de inmuebles y disturbios p\u00fablicos en General Resqu\u00edn.<\/p>\n<p>&nbsp;<\/p>\n<p><strong>2009:<\/strong> Informe de la Secretar\u00eda Nacional Antidrogas (SENAD) a la DEA que lo vincula formalmente con el narcotr\u00e1fico.<\/p>\n<p><img loading=\"lazy\" decoding=\"async\" class=\"alignnone wp-image-429 size-medium\" src=\"https:\/\/24-7.com.py\/wp-content\/uploads\/2026\/08\/titular-265x300.jpg\" alt=\"\" width=\"265\" height=\"300\" srcset=\"https:\/\/24-7.com.py\/wp-content\/uploads\/2026\/08\/titular-265x300.jpg 265w, https:\/\/24-7.com.py\/wp-content\/uploads\/2026\/08\/titular-903x1024.jpg 903w, https:\/\/24-7.com.py\/wp-content\/uploads\/2026\/08\/titular-768x870.jpg 768w, https:\/\/24-7.com.py\/wp-content\/uploads\/2026\/08\/titular.jpg 967w\" sizes=\"auto, (max-width: 265px) 100vw, 265px\" \/><\/p>\n<ol start=\"2026\">\n<li><em>Elvio Ben\u00edtez, una vez m\u00e1s, detenido recientemente, no por pol\u00edtica, sino por fechor\u00edas varias. Ahora anda con tobillera y bajo prisi\u00f3n domiciliaria. <\/em><\/li>\n<\/ol>\n<p><strong>El peligro de la complicidad y la falsa idolatr\u00eda<\/strong><\/p>\n<p>Este es el hombre que recurrentemente amenaza a la ciudadan\u00eda con generar caos. Y hay que creerle, porque la violencia y el desorden son su especialidad demostrada.<\/p>\n<p>Lo verdaderamente grave y alarmante es que sus andanzas y delincuencias sean tomadas como \u00abvenerables actos patri\u00f3ticos\u00bb por ciertos comunicadores de medio pelo. Periodistas desinformados, o que fingen demencia, que ignoran deliberadamente un prontuario criminal indiscutible para otorgarle un micr\u00f3fono y validarlo como un interlocutor v\u00e1lido.<\/p>\n<p><img loading=\"lazy\" decoding=\"async\" class=\"alignnone wp-image-428 size-medium\" src=\"https:\/\/24-7.com.py\/wp-content\/uploads\/2026\/08\/recurs89-300x170.jpg\" alt=\"\" width=\"300\" height=\"170\" srcset=\"https:\/\/24-7.com.py\/wp-content\/uploads\/2026\/08\/recurs89-300x170.jpg 300w, https:\/\/24-7.com.py\/wp-content\/uploads\/2026\/08\/recurs89-768x434.jpg 768w, https:\/\/24-7.com.py\/wp-content\/uploads\/2026\/08\/recurs89.jpg 980w\" sizes=\"auto, (max-width: 300px) 100vw, 300px\" \/><\/p>\n<p><em>Ben\u00edtez, con unos treinta y pico de a\u00f1os de edad por aquel momento, arengando (bueno, enga\u00f1ando) a los campesinos, a costa de quienes se volvi\u00f3 millonario. <\/em><\/p>\n<p>Algunos sectores caen en el error de pensar que con esta clase de personas se puede construir ciudadan\u00eda, fortalecer la democracia, generar riqueza o garantizar que la salud, la educaci\u00f3n y la seguridad funcionen.<\/p>\n<p>Quienes creen que el Paraguay puede salir adelante de la mano de personajes de esta cala\u00f1a est\u00e1n profundamente equivocados. Elvio Ben\u00edtez no es un l\u00edder; los hechos y la justicia demuestran que es un delincuente y un criminal.<\/p>\n<p><strong>Ma\u00f1ana:<\/strong> <em>\u201c<\/em><em>La corporaci\u00f3n de la miseria: extorsi\u00f3n, enga\u00f1o y el nacimiento de un nuevo rico\u201d. <\/em><\/p>\n","protected":false},"excerpt":{"rendered":"<p>El 3 de febrero de 1989 cay\u00f3 la dictadura de Alfredo Stroessner, pero la libertad reci\u00e9n nacida no trajo consigo la cordura para todos. Pocos meses despu\u00e9s, en&hellip;<\/p>\n","protected":false},"author":4,"featured_media":429,"comment_status":"closed","ping_status":"closed","sticky":false,"template":"","format":"standard","meta":{"footnotes":""},"categories":[62],"tags":[],"personalidad":[],"class_list":["post-463","post","type-post","status-publish","format-standard","has-post-thumbnail","hentry","category-quien-es-elvio-benitez"],"_links":{"self":[{"href":"https:\/\/24-7.com.py\/index.php\/wp-json\/wp\/v2\/posts\/463","targetHints":{"allow":["GET"]}}],"collection":[{"href":"https:\/\/24-7.com.py\/index.php\/wp-json\/wp\/v2\/posts"}],"about":[{"href":"https:\/\/24-7.com.py\/index.php\/wp-json\/wp\/v2\/types\/post"}],"author":[{"embeddable":true,"href":"https:\/\/24-7.com.py\/index.php\/wp-json\/wp\/v2\/users\/4"}],"replies":[{"embeddable":true,"href":"https:\/\/24-7.com.py\/index.php\/wp-json\/wp\/v2\/comments?post=463"}],"version-history":[{"count":1,"href":"https:\/\/24-7.com.py\/index.php\/wp-json\/wp\/v2\/posts\/463\/revisions"}],"predecessor-version":[{"id":465,"href":"https:\/\/24-7.com.py\/index.php\/wp-json\/wp\/v2\/posts\/463\/revisions\/465"}],"wp:featuredmedia":[{"embeddable":true,"href":"https:\/\/24-7.com.py\/index.php\/wp-json\/wp\/v2\/media\/429"}],"wp:attachment":[{"href":"https:\/\/24-7.com.py\/index.php\/wp-json\/wp\/v2\/media?parent=463"}],"wp:term":[{"taxonomy":"category","embeddable":true,"href":"https:\/\/24-7.com.py\/index.php\/wp-json\/wp\/v2\/categories?post=463"},{"taxonomy":"post_tag","embeddable":true,"href":"https:\/\/24-7.com.py\/index.php\/wp-json\/wp\/v2\/tags?post=463"},{"taxonomy":"personalidad","embeddable":true,"href":"https:\/\/24-7.com.py\/index.php\/wp-json\/wp\/v2\/personalidad?post=463"}],"curies":[{"name":"wp","href":"https:\/\/api.w.org\/{rel}","templated":true}]}}