{"id":456,"date":"2026-08-25T04:03:07","date_gmt":"2026-08-25T07:03:07","guid":{"rendered":"https:\/\/24-7.com.py\/?p=456"},"modified":"2026-08-24T20:16:53","modified_gmt":"2026-08-24T23:16:53","slug":"silvio-becker-memoria-de-un-caudillo-de-ypacarai","status":"publish","type":"post","link":"https:\/\/24-7.com.py\/index.php\/2026\/08\/25\/silvio-becker-memoria-de-un-caudillo-de-ypacarai\/","title":{"rendered":"SILVIO BECKER, MEMORIA DE  UN CAUDILLO DE YPACARAI"},"content":{"rendered":"<p>En la historia pol\u00edtica de nuestra comunidad, existen figuras que logran trascender las fronteras de los partidismos gracias a su calidad humana y su vocaci\u00f3n de servicio.<\/p>\n<p>Uno de esos nombres imperecederos es el de Silvio Becker, recordado con profunda admiraci\u00f3n como un caudillo colorado justo, servicial y profundamente apreciado, no solo por sus correligionarios de la Asociaci\u00f3n Nacional Republicana (ANR), sino tambi\u00e9n por sus m\u00e1s f\u00e9rreos opositores ypacaraienses.<\/p>\n<p>Su liderazgo no fue casualidad, sino el reflejo de una trayectoria de coherencia y compromiso que lo llev\u00f3 desde el trabajo de base en el departamento de Cordillera hasta los estamentos m\u00e1s altos de la conducci\u00f3n pol\u00edtica nacional a finales de la d\u00e9cada de 1940.<\/p>\n<p>Un hito hist\u00f3rico: La victoria de la <em>Tesis Campesina. <\/em>El nombre de Silvio Becker qued\u00f3 grabado en las p\u00e1ginas de la historia partidaria durante la memorable Convenci\u00f3n de la ANR del 17 y 18 de noviembre de 1947.<\/p>\n<p>En aquel encuentro hist\u00f3rico, Becker fue elegido como Vocal por Cordillera de la Junta de Gobierno.<\/p>\n<p>Dicha mesa directiva \u2014encabezada por Manuel Talavera como presidente y Leandro P. Prieto como vicepresidente primero\u2014 represent\u00f3 la consolidaci\u00f3n de la denominada \u00abTesis Campesina\u00bb.<\/p>\n<p>Este movimiento signific\u00f3 un triunfo de los hechos para el interior del pa\u00eds, logrando que los l\u00edderes agrarios y departamentales tomaran el control real y la representaci\u00f3n del partido, un espacio antes reservado casi exclusivamente para las \u00e9lites de la capital.<\/p>\n<p>Proyecci\u00f3n en el Congreso Nacional: Su fuerte arraigo popular y su intachable reputaci\u00f3n civil lo posicionaron muy pronto como una figura clave para la reconstrucci\u00f3n institucional del Paraguay.<\/p>\n<p>Becker form\u00f3 parte de la hist\u00f3rica lista de candidatos a la C\u00e1mara de Representantes, un Congreso que marc\u00f3 un antes y un despu\u00e9s al consolidar la primera mayor\u00eda parlamentaria republicana desde 1904, hito considerado el inicio del renacimiento paraguayo.<\/p>\n<p>En esa n\u00f3mina de legisladores que buscaba pacificar y reorganizar el pa\u00eds, Silvio Becker fue electo como miembro suplente, compartiendo el espacio parlamentario con destacadas figuras de la \u00e9poca como Edgar L. Insfr\u00e1n, Sabino Montanaro y el renombrado artista Roberto Holden Jara.<\/p>\n<p>A\u00f1os despu\u00e9s, el legado de Silvio Becker sobrevive en la memoria colectiva de Ypacara\u00ed. Su vida es el testimonio de que la pol\u00edtica puede ejercerse con justicia, respeto al adversario y un amor incondicional hacia su comunidad<\/p>\n","protected":false},"excerpt":{"rendered":"<p>En la historia pol\u00edtica de nuestra comunidad, existen figuras que logran trascender las fronteras de los partidismos gracias a su calidad humana y su vocaci\u00f3n de servicio. Uno&hellip;<\/p>\n","protected":false},"author":6,"featured_media":457,"comment_status":"closed","ping_status":"closed","sticky":false,"template":"","format":"standard","meta":{"footnotes":""},"categories":[25],"tags":[],"personalidad":[],"class_list":["post-456","post","type-post","status-publish","format-standard","has-post-thumbnail","hentry","category-biografias"],"_links":{"self":[{"href":"https:\/\/24-7.com.py\/index.php\/wp-json\/wp\/v2\/posts\/456","targetHints":{"allow":["GET"]}}],"collection":[{"href":"https:\/\/24-7.com.py\/index.php\/wp-json\/wp\/v2\/posts"}],"about":[{"href":"https:\/\/24-7.com.py\/index.php\/wp-json\/wp\/v2\/types\/post"}],"author":[{"embeddable":true,"href":"https:\/\/24-7.com.py\/index.php\/wp-json\/wp\/v2\/users\/6"}],"replies":[{"embeddable":true,"href":"https:\/\/24-7.com.py\/index.php\/wp-json\/wp\/v2\/comments?post=456"}],"version-history":[{"count":2,"href":"https:\/\/24-7.com.py\/index.php\/wp-json\/wp\/v2\/posts\/456\/revisions"}],"predecessor-version":[{"id":459,"href":"https:\/\/24-7.com.py\/index.php\/wp-json\/wp\/v2\/posts\/456\/revisions\/459"}],"wp:featuredmedia":[{"embeddable":true,"href":"https:\/\/24-7.com.py\/index.php\/wp-json\/wp\/v2\/media\/457"}],"wp:attachment":[{"href":"https:\/\/24-7.com.py\/index.php\/wp-json\/wp\/v2\/media?parent=456"}],"wp:term":[{"taxonomy":"category","embeddable":true,"href":"https:\/\/24-7.com.py\/index.php\/wp-json\/wp\/v2\/categories?post=456"},{"taxonomy":"post_tag","embeddable":true,"href":"https:\/\/24-7.com.py\/index.php\/wp-json\/wp\/v2\/tags?post=456"},{"taxonomy":"personalidad","embeddable":true,"href":"https:\/\/24-7.com.py\/index.php\/wp-json\/wp\/v2\/personalidad?post=456"}],"curies":[{"name":"wp","href":"https:\/\/api.w.org\/{rel}","templated":true}]}}