{"id":447,"date":"2026-08-25T04:02:12","date_gmt":"2026-08-25T07:02:12","guid":{"rendered":"https:\/\/24-7.com.py\/?p=447"},"modified":"2026-08-24T20:11:20","modified_gmt":"2026-08-24T23:11:20","slug":"llega-a-paraguay-human-edge-summit-2026","status":"publish","type":"post","link":"https:\/\/24-7.com.py\/index.php\/2026\/08\/25\/llega-a-paraguay-human-edge-summit-2026\/","title":{"rendered":"Llega a Paraguay Human Edge Summit 2026"},"content":{"rendered":"<p>Asunci\u00f3n ser\u00e1 sede del Human Edge Summit 2026, con la premisa de los \u201cDesaf\u00edos para el talento humano ante el avance de la tecnolog\u00eda\u201d<br \/>\nEn estos d\u00edas en que la inteligencia artificial est\u00e1 reescribiendo la forma en que trabajamos, decidimos y creamos valor y donde cada organizaci\u00f3n enfrenta la misma pregunta: c\u00f3mo integrar la tecnolog\u00eda sin perder aquello que nos hace \u00fanicos las capacidades humanas \u2014el criterio, la empat\u00eda, el prop\u00f3sito, la capacidad de aprender y de liderar\u2014 dejan de ser un complemento y se convierten en la ventaja competitiva definitiva.<br \/>\nEl evento Human Edge Summit &#8211; Asunci\u00f3n 2026 re\u00fane a los referentes que est\u00e1n redefiniendo el liderazgo, el talento y la cultura organizacional en la era de la IA.<br \/>\nEl Congreso Internacional Human Edge Summit Asunci\u00f3n 2026 \u00abDesaf\u00edos para el Talento Humano ante el Avance de la Tecnolog\u00eda\u00bb nace con el prop\u00f3sito de brindar un espacio para compartir puntos de vista de distintas disciplinas frente a este desaf\u00edo, reuniendo en Paraguay a destacados referentes internacionales en liderazgo, neurociencia, inteligencia emocional, transformaci\u00f3n organizacional y mentoring ser\u00e1 una experiencia de alto impacto, que permitir\u00e1 a lideres, empresarios, directivos y gerentes de Talento Humano adquirir herramientas pr\u00e1cticas, para fortalecer la competitividad de sus organizaciones, impulsando una cultura de innovaci\u00f3n sin perder el foco en las personas.<br \/>\nPorque el futuro del trabajo no depender\u00e1 \u00fanicamente de la tecnolog\u00eda, sino de la capacidad humana para aprender, adaptarse, innovar y liderar<br \/>\nEl evento a realizarse en el mes de septiembre tiene como objetivo generar un espacio internacional de aprendizaje, inspiraci\u00f3n y actualizaci\u00f3n que fortalezca las competencias de liderazgo y gesti\u00f3n del talento humano frente a los desaf\u00edos que plantea la transformaci\u00f3n tecnol\u00f3gica.<br \/>\nSer\u00e1n disertantes del encuentro, Javier Barbero de Paraguay, Renata Veloso de Brasil, Andr\u00e9s Valencia de Chile, Mar\u00eda Millaret Jim\u00e9nez de Colombia, Facundo de Salterain y Alejandro Motta de Argentina<\/p>\n","protected":false},"excerpt":{"rendered":"<p>Asunci\u00f3n ser\u00e1 sede del Human Edge Summit 2026, con la premisa de los \u201cDesaf\u00edos para el talento humano ante el avance de la tecnolog\u00eda\u201d En estos d\u00edas en&hellip;<\/p>\n","protected":false},"author":5,"featured_media":448,"comment_status":"closed","ping_status":"closed","sticky":false,"template":"","format":"standard","meta":{"footnotes":""},"categories":[7],"tags":[],"personalidad":[],"class_list":["post-447","post","type-post","status-publish","format-standard","has-post-thumbnail","hentry","category-deportes"],"_links":{"self":[{"href":"https:\/\/24-7.com.py\/index.php\/wp-json\/wp\/v2\/posts\/447","targetHints":{"allow":["GET"]}}],"collection":[{"href":"https:\/\/24-7.com.py\/index.php\/wp-json\/wp\/v2\/posts"}],"about":[{"href":"https:\/\/24-7.com.py\/index.php\/wp-json\/wp\/v2\/types\/post"}],"author":[{"embeddable":true,"href":"https:\/\/24-7.com.py\/index.php\/wp-json\/wp\/v2\/users\/5"}],"replies":[{"embeddable":true,"href":"https:\/\/24-7.com.py\/index.php\/wp-json\/wp\/v2\/comments?post=447"}],"version-history":[{"count":1,"href":"https:\/\/24-7.com.py\/index.php\/wp-json\/wp\/v2\/posts\/447\/revisions"}],"predecessor-version":[{"id":449,"href":"https:\/\/24-7.com.py\/index.php\/wp-json\/wp\/v2\/posts\/447\/revisions\/449"}],"wp:featuredmedia":[{"embeddable":true,"href":"https:\/\/24-7.com.py\/index.php\/wp-json\/wp\/v2\/media\/448"}],"wp:attachment":[{"href":"https:\/\/24-7.com.py\/index.php\/wp-json\/wp\/v2\/media?parent=447"}],"wp:term":[{"taxonomy":"category","embeddable":true,"href":"https:\/\/24-7.com.py\/index.php\/wp-json\/wp\/v2\/categories?post=447"},{"taxonomy":"post_tag","embeddable":true,"href":"https:\/\/24-7.com.py\/index.php\/wp-json\/wp\/v2\/tags?post=447"},{"taxonomy":"personalidad","embeddable":true,"href":"https:\/\/24-7.com.py\/index.php\/wp-json\/wp\/v2\/personalidad?post=447"}],"curies":[{"name":"wp","href":"https:\/\/api.w.org\/{rel}","templated":true}]}}