{"id":439,"date":"2026-08-24T04:04:55","date_gmt":"2026-08-24T07:04:55","guid":{"rendered":"https:\/\/24-7.com.py\/?p=439"},"modified":"2026-08-24T09:41:16","modified_gmt":"2026-08-24T12:41:16","slug":"jorge-torres-romero-la-voz-de-la-verdad-y-del-debate","status":"publish","type":"post","link":"https:\/\/24-7.com.py\/index.php\/2026\/08\/24\/jorge-torres-romero-la-voz-de-la-verdad-y-del-debate\/","title":{"rendered":"JORGE TORRES ROMERO, LA VOZ DE  LA VERDAD Y DEL DEBATE"},"content":{"rendered":"<p>En un ecosistema medi\u00e1tico en constante evoluci\u00f3n, Jorge Romero Torres se consolida como uno de los perfiles m\u00e1s l\u00facidos y firmes del periodismo contempor\u00e1neo.<\/p>\n<p>Al frente de <em>La Caja Negra<\/em> por Unicanal, Romero Torres lidera un espacio de alta audiencia que se ha convertido en el epicentro del debate p\u00fablico, convocando a las figuras m\u00e1s influyentes de la pol\u00edtica, la econom\u00eda y la sociedad paraguaya.<\/p>\n<p>Su enfoque combina rigurosidad, audacia y una profunda comprensi\u00f3n de las din\u00e1micas del oficio.<\/p>\n<p>Para Romero Torres, el escenario actual es sumamente alentador.<\/p>\n<p>\u00abVivimos un buen momento de la prensa por la pluralidad y porque rige completa libertad de expresi\u00f3n\u00bb, afirma con optimismo, destacando que hoy cada medio enfoca la noticia seg\u00fan sus propios criterios, lo que enriquece la democracia. Lejos de idealizar el oficio o evadir sus realidades corporativas, el comunicador asume con pragmatismo las reglas del juego: Los grupos empresariales manejando la comunicaci\u00f3n existieron, existen y existir\u00e1n\u00bb.<\/p>\n<p>Sin embargo, frente a cualquier estructura o inter\u00e9s, Romero Torres sit\u00faa un principio innegociable en el centro de su labor: la responsabilidad con el ciudadano. \u00abEl periodista debe informar la verdad, en eso se resume su \u00e9tica\u00bb, sostiene de forma categ\u00f3rica, trazando una l\u00ednea clara que define su trayectoria.<\/p>\n<p>Esa misma claridad es la que traslada a las pantallas de Unicanal, donde el disenso no se esquiva, sino que se abraza como una herramienta de crecimiento colectivo.<\/p>\n<p>Fiel a un esp\u00edritu democr\u00e1tico y abierto, concluye: \u00abConsidero natural tener entredichos entre colegas periodistas; todo debate enriquece\u00bb. Con esa filosof\u00eda, Jorge Romero Torres no solo informa, sino que dignifica la profesi\u00f3n d\u00eda a d\u00eda.<\/p>\n","protected":false},"excerpt":{"rendered":"<p>En un ecosistema medi\u00e1tico en constante evoluci\u00f3n, Jorge Romero Torres se consolida como uno de los perfiles m\u00e1s l\u00facidos y firmes del periodismo contempor\u00e1neo. Al frente de La&hellip;<\/p>\n","protected":false},"author":6,"featured_media":440,"comment_status":"closed","ping_status":"closed","sticky":false,"template":"","format":"standard","meta":{"footnotes":""},"categories":[10],"tags":[],"personalidad":[],"class_list":["post-439","post","type-post","status-publish","format-standard","has-post-thumbnail","hentry","category-opinion"],"_links":{"self":[{"href":"https:\/\/24-7.com.py\/index.php\/wp-json\/wp\/v2\/posts\/439","targetHints":{"allow":["GET"]}}],"collection":[{"href":"https:\/\/24-7.com.py\/index.php\/wp-json\/wp\/v2\/posts"}],"about":[{"href":"https:\/\/24-7.com.py\/index.php\/wp-json\/wp\/v2\/types\/post"}],"author":[{"embeddable":true,"href":"https:\/\/24-7.com.py\/index.php\/wp-json\/wp\/v2\/users\/6"}],"replies":[{"embeddable":true,"href":"https:\/\/24-7.com.py\/index.php\/wp-json\/wp\/v2\/comments?post=439"}],"version-history":[{"count":1,"href":"https:\/\/24-7.com.py\/index.php\/wp-json\/wp\/v2\/posts\/439\/revisions"}],"predecessor-version":[{"id":441,"href":"https:\/\/24-7.com.py\/index.php\/wp-json\/wp\/v2\/posts\/439\/revisions\/441"}],"wp:featuredmedia":[{"embeddable":true,"href":"https:\/\/24-7.com.py\/index.php\/wp-json\/wp\/v2\/media\/440"}],"wp:attachment":[{"href":"https:\/\/24-7.com.py\/index.php\/wp-json\/wp\/v2\/media?parent=439"}],"wp:term":[{"taxonomy":"category","embeddable":true,"href":"https:\/\/24-7.com.py\/index.php\/wp-json\/wp\/v2\/categories?post=439"},{"taxonomy":"post_tag","embeddable":true,"href":"https:\/\/24-7.com.py\/index.php\/wp-json\/wp\/v2\/tags?post=439"},{"taxonomy":"personalidad","embeddable":true,"href":"https:\/\/24-7.com.py\/index.php\/wp-json\/wp\/v2\/personalidad?post=439"}],"curies":[{"name":"wp","href":"https:\/\/api.w.org\/{rel}","templated":true}]}}