{"id":427,"date":"2026-08-24T04:06:43","date_gmt":"2026-08-24T07:06:43","guid":{"rendered":"https:\/\/24-7.com.py\/?p=427"},"modified":"2026-08-24T09:10:23","modified_gmt":"2026-08-24T12:10:23","slug":"la-historica-de-una-fortuna-forjada-a-la-sombra-del-campesino","status":"publish","type":"post","link":"https:\/\/24-7.com.py\/index.php\/2026\/08\/24\/la-historica-de-una-fortuna-forjada-a-la-sombra-del-campesino\/","title":{"rendered":"La historia de una fortuna forjada  a la sombra del campesino"},"content":{"rendered":"<p>El periodismo de investigaci\u00f3n tiene el compromiso ineludible de revisar el pasado para entender las din\u00e1micas del presente. Al inicio de la transici\u00f3n democr\u00e1tica en 1989, Paraguay comenz\u00f3 a andar un camino hacia la institucionalidad, un proceso que tambi\u00e9n dio origen a liderazgos rurales complejos y controvertidos.<\/p>\n<p>En ese escenario, figuras como la de Elvio Ben\u00edtez emergieron bajo la bandera de la causa rural, pero cuyas acciones reales &#8211; registradas desde el primer momento en las p\u00e1ginas de la prensa independiente &#8211; trazaron un historial de confrontaci\u00f3n, transgresi\u00f3n de la propiedad privada y amenazas abiertas a la libertad de prensa.<\/p>\n<p><img loading=\"lazy\" decoding=\"async\" class=\"wp-image-428 size-medium aligncenter\" src=\"https:\/\/24-7.com.py\/wp-content\/uploads\/2026\/08\/recurs89-300x170.jpg\" alt=\"\" width=\"300\" height=\"170\" srcset=\"https:\/\/24-7.com.py\/wp-content\/uploads\/2026\/08\/recurs89-300x170.jpg 300w, https:\/\/24-7.com.py\/wp-content\/uploads\/2026\/08\/recurs89-768x434.jpg 768w, https:\/\/24-7.com.py\/wp-content\/uploads\/2026\/08\/recurs89.jpg 980w\" sizes=\"auto, (max-width: 300px) 100vw, 300px\" \/><\/p>\n<p><em>Un treinta\u00f1ero, Elvio Ben\u00edtez, convocando a las masas campesinas para usarlos como preservativo. Un cuarto de siglo despu\u00e9s, los campesinos siguen pobres y, \u00e9l, inmensamente rico. <\/em><\/p>\n<p>A lo largo de m\u00e1s de tres d\u00e9cadas, el recorrido de Ben\u00edtez ha transitado entre la movilizaci\u00f3n social, la influencia pol\u00edtica de alto nivel, con especial auge durante la administraci\u00f3n de Fernando Lugo, y recurrentes procesos judiciales que hoy lo sit\u00faan bajo medidas restrictivas de libertad como el arresto domiciliario con tobillera electr\u00f3nica.<\/p>\n<p>Lejos de la ret\u00f3rica del beneficio social, un an\u00e1lisis riguroso de su trayectoria revela un sistem\u00e1tico usufructo de la necesidad de los sectores m\u00e1s vulnerables del campo, acumulando un patrimonio personal que contrasta dr\u00e1sticamente con la realidad de las familias que afirmaba defender.<\/p>\n<p>El diario digital <strong>24\/7<\/strong> inicia hoy una serie especial de 10 entregas, cont\u00ednuas, destinadas a desclasificar los archivos, testimonios y cr\u00f3nicas period\u00edsticas que detallan el verdadero historial de este personaje.<\/p>\n<p>Con el respeto absoluto a las leyes, a las instituciones de la Rep\u00fablica y al derecho a la informaci\u00f3n de la ciudadan\u00eda, este espacio presenta un relato directo y documentado de los hechos. Es un ejercicio necesario de memoria hist\u00f3rica, esencial para que el pa\u00eds reconozca la verdadera faceta de quienes pretenden liderar su futuro.<\/p>\n<p><strong><em>Ma\u00f1ana, en nuestra segunda entrega: \u00abLa invasi\u00f3n a la propiedad de Francisco Clari Vega en Guayaib\u00ed en 1989\u00bb, los inicios de un historial de violencia y el relato en primera persona de la primera amenaza de muerte en democracia a un miembro de la prensa por parte de alguien que afirma defender a los campesinos.<\/em><\/strong><\/p>\n","protected":false},"excerpt":{"rendered":"<p>El periodismo de investigaci\u00f3n tiene el compromiso ineludible de revisar el pasado para entender las din\u00e1micas del presente. Al inicio de la transici\u00f3n democr\u00e1tica en 1989, Paraguay comenz\u00f3&hellip;<\/p>\n","protected":false},"author":6,"featured_media":429,"comment_status":"closed","ping_status":"closed","sticky":false,"template":"","format":"standard","meta":{"footnotes":""},"categories":[62],"tags":[],"personalidad":[],"class_list":["post-427","post","type-post","status-publish","format-standard","has-post-thumbnail","hentry","category-quien-es-elvio-benitez"],"_links":{"self":[{"href":"https:\/\/24-7.com.py\/index.php\/wp-json\/wp\/v2\/posts\/427","targetHints":{"allow":["GET"]}}],"collection":[{"href":"https:\/\/24-7.com.py\/index.php\/wp-json\/wp\/v2\/posts"}],"about":[{"href":"https:\/\/24-7.com.py\/index.php\/wp-json\/wp\/v2\/types\/post"}],"author":[{"embeddable":true,"href":"https:\/\/24-7.com.py\/index.php\/wp-json\/wp\/v2\/users\/6"}],"replies":[{"embeddable":true,"href":"https:\/\/24-7.com.py\/index.php\/wp-json\/wp\/v2\/comments?post=427"}],"version-history":[{"count":3,"href":"https:\/\/24-7.com.py\/index.php\/wp-json\/wp\/v2\/posts\/427\/revisions"}],"predecessor-version":[{"id":438,"href":"https:\/\/24-7.com.py\/index.php\/wp-json\/wp\/v2\/posts\/427\/revisions\/438"}],"wp:featuredmedia":[{"embeddable":true,"href":"https:\/\/24-7.com.py\/index.php\/wp-json\/wp\/v2\/media\/429"}],"wp:attachment":[{"href":"https:\/\/24-7.com.py\/index.php\/wp-json\/wp\/v2\/media?parent=427"}],"wp:term":[{"taxonomy":"category","embeddable":true,"href":"https:\/\/24-7.com.py\/index.php\/wp-json\/wp\/v2\/categories?post=427"},{"taxonomy":"post_tag","embeddable":true,"href":"https:\/\/24-7.com.py\/index.php\/wp-json\/wp\/v2\/tags?post=427"},{"taxonomy":"personalidad","embeddable":true,"href":"https:\/\/24-7.com.py\/index.php\/wp-json\/wp\/v2\/personalidad?post=427"}],"curies":[{"name":"wp","href":"https:\/\/api.w.org\/{rel}","templated":true}]}}