{"id":412,"date":"2026-08-24T04:02:20","date_gmt":"2026-08-24T07:02:20","guid":{"rendered":"https:\/\/24-7.com.py\/?p=412"},"modified":"2026-08-23T20:23:45","modified_gmt":"2026-08-23T23:23:45","slug":"que-es-mejor-dia-del-perdon-o-dia-de-la-iglesia-evangelica","status":"publish","type":"post","link":"https:\/\/24-7.com.py\/index.php\/2026\/08\/24\/que-es-mejor-dia-del-perdon-o-dia-de-la-iglesia-evangelica\/","title":{"rendered":"\u00bfQUE ES MEJOR: D\u00cdA DEL PERD\u00d3N  O D\u00cdA DE LA IGLESIA EVANG\u00c9LICA?"},"content":{"rendered":"<p>Se present\u00f3 en el Parlamento Nacional un proyecto que apunta a declarar el 31 de octubre como D\u00eda de la Iglesia Evang\u00e9lica del Paraguay \u00bfNo ser\u00eda mejor instaurar un D\u00cdA DEL PERD\u00d3N en una sociedad cargada de ofensas, malquerencias, maldiciones lanzadas?<\/p>\n<p>Puedo entender el prop\u00f3sito de la iniciativa en el sentido de reconocer al evangelismo como el veh\u00edculo que ha tra\u00eddo con fidelidad el mensaje de salvaci\u00f3n de multitudes. La Iglesia Evang\u00e9lica es hoy por hoy la gran defensora de los principios y valores cristianos que est\u00e1n en cada piedra de los cimientos de nuestra naci\u00f3n.<\/p>\n<p>Pero \u00bfrendir homenaje a la iglesia que la podemos interpretar como una organizaci\u00f3n o destinar una jornada a cumplir el compromiso moral y espiritual inserto en el Padre Nuestro y que no lo cumplimos a cabalidad?<\/p>\n<p>\u201cPerd\u00f3nanos nuestras ofensas, como tambi\u00e9n nosotros perdonamos a nuestros ofensores\u201d.<\/p>\n<p>(Mateo 6:12)<\/p>\n<p>\u201c\u00bfAs\u00ed como tambi\u00e9n nosotros perdonamos?\u201d Salvo excepciones, es una mera declaraci\u00f3n de boca para afuera sin sustento real en el contexto general porque luego uno lee pasacalles con expresiones tipo <em>\u201cNI OLVIDO NI PERD\u00d3N\u201d<\/em> o comentarios y mensajes del estilo <em>\u201cque te perdone Dios pero yo no te voy a perdonar<\/em>\u201d.<\/p>\n<p>Vivimos en un ambiente recargado de rencores que dificultan un relacionamiento adecuado en la pol\u00edtica, la sociedad misma, la familia. Muchas ofensas que desgastan relaciones, necesitan de una v\u00e1lvula de liberaci\u00f3n de tensiones espirituales.<\/p>\n<p>\u00abTe perdono, Jos\u00e9, por lo que me hiciste, el Se\u00f1or gu\u00ede tus pasos\u00bb, \u00abperd\u00f3name Mar\u00eda y Dios te proteja\u00bb, \u00abSe\u00f1or perdona a mi familia, no apartes tu misericordia de nosotros\u00bb, Un d\u00eda en que nos liberemos de enconos.<\/p>\n<p>Hace falta ese d\u00eda para abrir las compuertas de los sentimientos malignos acumulados y que la iglesia exhorte a la liberaci\u00f3n de las ofensas que probablemente cada habitante de la Rep\u00fablica ha venido cargando como una pesada mochila de angustia.<\/p>\n<p>Debemos autoconvocarnos como pueblo para hacer real esa declaraci\u00f3n \u00abas\u00ed como nosotros perdonamos\u00bb. Escuchando la radio o viendo la TV no pasan dos minutos para que se suelte una nueva ofensa, una maldici\u00f3n que aunque nadie lo entienda as\u00ed, produce una alteraci\u00f3n maligna del ambiente que se vuelve cargado de maldades en la atm\u00f3sfera.<\/p>\n<p>La Biblia llama a Satan\u00e1s \u201cpr\u00edncipe de la potestad del aire\u201d, se\u00f1al de que tiene autoridad (potestad) como gobernante invisible que corrompe el aire que respira el mundo apartado de Dios. Como el Creador nos hizo \u201ca su imagen y semejanza\u201d y \u00c9l todo lo cre\u00f3 con su palabra, tenemos el poder de la palabra que sana o maldice: \u201cEn la lengua hay poder de vida y muerte; quienes la aman comer\u00e1n de su fruto\u201d. (Proverbios 18:21)<\/p>\n<p>Hay un impacto real en lo que decimos ya sea para edificar, animar o sanar o bien, para herir, desanimar, destruir a los dem\u00e1s. Dios nos exhorta a bendecir y no a maldecir porque nos quiere proteger de la alteraci\u00f3n negativa del espacio en el que nos desempe\u00f1amos y el propio Jes\u00fas nos lo aclara muy bien:<\/p>\n<p>\u201cNo lo que entra en la boca contamina al hombre; mas lo que sale de la boca, esto contamina al hombre\u201d. (Mateo 15:11)<\/p>\n<p>Declarar en Paraguay un \u201cD\u00cdA DEL PERD\u00d3N\u201d tendr\u00e1 un prop\u00f3sito y un efecto de indiscutible poder espiritual. Probablemente no todos van a perdonar las ofensas recibidas pero sobrevendr\u00e1 mucha sanidad por el cumplimiento del un principio: \u201cPerd\u00f3nanos como nosotros perdonamos\u201d.<\/p>\n<p>La recordaci\u00f3n deber\u00e1 estar precedida de una campa\u00f1a de acci\u00f3n de gracias en todas las iglesias del pa\u00eds para entender la trascendencia de una acci\u00f3n colectiva de soltar el rencor y abrir las puertas a una lluvia de bendiciones sobre la naci\u00f3n.<\/p>\n<p>Necesitamos reconocernos imperfectos y ser tolerantes unos con otros un d\u00eda, tan solo un d\u00eda, pero es una semilla peque\u00f1a de la que puede surgir un frondoso \u00e1rbol de bienestar. Perdonar no implica aceptar la ofensa sino decidir sanar el dolor que nos caus\u00f3. No es permitir abusos sino alcanzar paz personal quitando el deseo de retribuir mal con mal. Es cortar la din\u00e1mica maligna que tiende a llevarnos a la amargura.<\/p>\n<p>Perdonar, es divino.<\/p>\n","protected":false},"excerpt":{"rendered":"<p>Se present\u00f3 en el Parlamento Nacional un proyecto que apunta a declarar el 31 de octubre como D\u00eda de la Iglesia Evang\u00e9lica del Paraguay \u00bfNo ser\u00eda mejor instaurar&hellip;<\/p>\n","protected":false},"author":3,"featured_media":0,"comment_status":"closed","ping_status":"closed","sticky":false,"template":"","format":"standard","meta":{"footnotes":""},"categories":[28],"tags":[],"personalidad":[],"class_list":["post-412","post","type-post","status-publish","format-standard","hentry","category-dios-patria-y-familia"],"_links":{"self":[{"href":"https:\/\/24-7.com.py\/index.php\/wp-json\/wp\/v2\/posts\/412","targetHints":{"allow":["GET"]}}],"collection":[{"href":"https:\/\/24-7.com.py\/index.php\/wp-json\/wp\/v2\/posts"}],"about":[{"href":"https:\/\/24-7.com.py\/index.php\/wp-json\/wp\/v2\/types\/post"}],"author":[{"embeddable":true,"href":"https:\/\/24-7.com.py\/index.php\/wp-json\/wp\/v2\/users\/3"}],"replies":[{"embeddable":true,"href":"https:\/\/24-7.com.py\/index.php\/wp-json\/wp\/v2\/comments?post=412"}],"version-history":[{"count":1,"href":"https:\/\/24-7.com.py\/index.php\/wp-json\/wp\/v2\/posts\/412\/revisions"}],"predecessor-version":[{"id":413,"href":"https:\/\/24-7.com.py\/index.php\/wp-json\/wp\/v2\/posts\/412\/revisions\/413"}],"wp:attachment":[{"href":"https:\/\/24-7.com.py\/index.php\/wp-json\/wp\/v2\/media?parent=412"}],"wp:term":[{"taxonomy":"category","embeddable":true,"href":"https:\/\/24-7.com.py\/index.php\/wp-json\/wp\/v2\/categories?post=412"},{"taxonomy":"post_tag","embeddable":true,"href":"https:\/\/24-7.com.py\/index.php\/wp-json\/wp\/v2\/tags?post=412"},{"taxonomy":"personalidad","embeddable":true,"href":"https:\/\/24-7.com.py\/index.php\/wp-json\/wp\/v2\/personalidad?post=412"}],"curies":[{"name":"wp","href":"https:\/\/api.w.org\/{rel}","templated":true}]}}