{"id":405,"date":"2026-08-24T04:01:15","date_gmt":"2026-08-24T07:01:15","guid":{"rendered":"https:\/\/24-7.com.py\/?p=405"},"modified":"2026-08-23T20:21:42","modified_gmt":"2026-08-23T23:21:42","slug":"raimundo-llano-casal-ribeiro","status":"publish","type":"post","link":"https:\/\/24-7.com.py\/index.php\/2026\/08\/24\/raimundo-llano-casal-ribeiro\/","title":{"rendered":"RAIMUNDO LLANO CASAL RIBEIRO"},"content":{"rendered":"<p>Naci\u00f3 el mi\u00e9rcoles 20 de julio de 1921 en Asunci\u00f3n. Hijo de Raimundo Llano Chamorro y Livia Casal Ribeiro. La familia Llano es de origen vasco. Se asent\u00f3 primero en Corrientes y luego de la Guerra contra la Triple Alianza adquirieron tierras en el sur de Paraguay.<\/p>\n<p>El primer Llano de este posterior extenso \u00e1rbol geneal\u00f3gico que lleg\u00f3 al R\u00edo de la Plata fue Ponciano F\u00e9lix de Llano y Velazco quien parti\u00f3 de su pueblo, Ciella, en el valle de Mena, en la actual jurisdicci\u00f3n de Burgos, Espa\u00f1a, con destino a las costas de Buenos Aires alrededor de 1784.<\/p>\n<p>El lunes 10 de agosto de 1795, a los 31 a\u00f1os de edad, contrajo matrimonio con Mar\u00eda del Carmen Benites y Casaj\u00fas, correntina, hija de un capit\u00e1n espa\u00f1ol, Diego Benites y Robles. La pareja se asienta en San Juan de Vera de las Siete Corrientes dedic\u00e1ndose al comercio y a la ganader\u00eda. Don F\u00e9lix ten\u00eda dos estancias y actu\u00f3 en la pol\u00edtica de Corrientes donde fue asesinado en 1812 en manos de fan\u00e1ticos.<\/p>\n<p>El matrimonio Llano-Benites tuvo cuatro hijos: Jos\u00e9 Mar\u00eda, C\u00e1ndida Evarista Rosa, Agustina Felipa y Juan Pedro Antonio Llano Benites (1805-1854) quien contrajo matrimonio con Carmen Molinas Vedoya y tuvieron 9 hijos. De estos, quien originar\u00eda la presencia de los Llanos en Paraguay fue Mart\u00edn R\u00f3mulo de Llano Molinas.<\/p>\n<p>El abuelo de Raimundo, Mart\u00edn R\u00f3mulo de Llano Molinas, trajo ganado a Paraguay y vendi\u00f3 al Estado paraguayo que lo pag\u00f3 con tierra, 60.000 hect\u00e1reas en la zona de Misiones.<\/p>\n<p>All\u00ed nacieron 14 hermanos Llano, una parte correspondi\u00f3 a Raimundo a cuyo establecimiento llam\u00f3 \u201cLas Talas\u201d, por los arbustos nativos de la comarca, nombre que posicion\u00f3 a la unidad ganadera, que en 2022 cumpli\u00f3 100 a\u00f1os. Este a\u00f1o, su administrador es Ismael Llano (nacido en 1946), uno de los hijos de Raimundo.<\/p>\n<p>\u201cTuvimos la suerte de haber tenido un padre que nos ense\u00f1\u00f3 el trabajo al cual hoy seguimos dedicado. Amamos lo que hacemos, nos gusta lo que hacemos y disfrutamos haciendo lo que hacemos. Desarrollamos una bohemia para el campo\u201d, dijo Ismael Llano Mart\u00ednez al periodista Fernando Escobar y difundido a trav\u00e9s de un v\u00eddeo alzado en YouTube.<\/p>\n<p>Raimundo Llano contrajo matrimonio con Sara Beatriz Mart\u00ednez Ferrari. Inculcaron a los cinco hijos (Ismael, Carlos Ra\u00fal, Ricardo Tadeo, Marta Beatriz y Fernando) que \u201cla uni\u00f3n hace la fuerza. Que unidos los de afuera no nos van a devorar\u201d. Ense\u00f1\u00f3 a los hijos a escuchar, razonar y aplicar la ense\u00f1anza. Ella administraba la libreta de almac\u00e9n y los cobros por la venta de leche, distribuida por uno de sus hijos, Ismael.<\/p>\n<p><img loading=\"lazy\" decoding=\"async\" class=\"aligncenter wp-image-407 size-medium\" src=\"https:\/\/24-7.com.py\/wp-content\/uploads\/2026\/08\/recurs3-300x200.jpg\" alt=\"\" width=\"300\" height=\"200\" srcset=\"https:\/\/24-7.com.py\/wp-content\/uploads\/2026\/08\/recurs3-300x200.jpg 300w, https:\/\/24-7.com.py\/wp-content\/uploads\/2026\/08\/recurs3-768x513.jpg 768w, https:\/\/24-7.com.py\/wp-content\/uploads\/2026\/08\/recurs3-600x400.jpg 600w, https:\/\/24-7.com.py\/wp-content\/uploads\/2026\/08\/recurs3.jpg 906w\" sizes=\"auto, (max-width: 300px) 100vw, 300px\" \/><\/p>\n<p><em>Los hijos de Raimundo Llano Casal Ribeiro: (De Izq. a Der.) Ismael, Carlos, Ricardo y Fernando Llano Mart\u00ednez. <\/em><\/p>\n<p>Fue uno de los pioneros en la cr\u00eda del ganado Angus en Paraguay.<\/p>\n<p>Tambi\u00e9n trabaj\u00f3 como camionero, compraba hacienda y la transportaba \u00e9l, personalmente. Cre\u00f3 en 1952 un tambo y granja, \u201cLas Talas\u201d,\u00a0 de siete hect\u00e1reas en Villa Morra, Asunci\u00f3n, donde concentr\u00f3 a su familia. Adem\u00e1s adquiri\u00f3 una propiedad en Reducto San Lorenzo, de 20 hect\u00e1reas, donde practic\u00f3, incluso la agricultura, y sigui\u00f3 operando en la lecher\u00eda.<\/p>\n<p>Aficionado al f\u00fatbol desde joven, en alg\u00fan momento jug\u00f3 en la primera divisi\u00f3n del club Olimpia.<\/p>\n<p>Fue uno de los socios fundadores de la Asociaci\u00f3n Paraguaya de Criadores de Brahman,\u00a0 el mi\u00e9rcoles 24 de marzo de 1965.<\/p>\n<p>Cre\u00f3 la firma rematadora \u201cEl Rodeo\u201d.\u00a0 Su primer rematador fue Julio Amarilla Fretes, gerente de la Asociaci\u00f3n Rural del Paraguay. Luego ser\u00eda \u201cPico\u201d Angulo, y los hijos de este.<\/p>\n<p><img loading=\"lazy\" decoding=\"async\" class=\"aligncenter wp-image-408 size-full\" src=\"https:\/\/24-7.com.py\/wp-content\/uploads\/2026\/08\/recursos4.jpg\" alt=\"\" width=\"472\" height=\"351\" srcset=\"https:\/\/24-7.com.py\/wp-content\/uploads\/2026\/08\/recursos4.jpg 472w, https:\/\/24-7.com.py\/wp-content\/uploads\/2026\/08\/recursos4-300x223.jpg 300w\" sizes=\"auto, (max-width: 472px) 100vw, 472px\" \/><\/p>\n<p><em>Raimundo Llano y su esposa, Sara Beatriz Mart\u00ednez Ferrari. <\/em><\/p>\n<p>Raimundo, el recordado don Pel\u00f3n, otorgaba potestades a sus hijos para manejar la empresa pecuaria familiar desde 1975. En este sentido fue un excelente padre, compa\u00f1ero y colega ganadero con sus hijos.<\/p>\n<p>En 1990 obtuvo el m\u00e1ximo galard\u00f3n por su toro \u201cTala Poncrata\u201d, reproductor Brahman expuesto en la famosa exposici\u00f3n de Palermo de Buenos Aires.<\/p>\n<p>Amante de los caballos, criaba reproductores Cuarto de Milla. Uno de sus caballos favoritos, \u201cGualicho\u201d, compet\u00eda en las carreras del hip\u00f3dromo de Tembetary. Gan\u00f3 29 carreras a partir de 1957. A\u00f1os despu\u00e9s lo compr\u00f3 Fernando Arza Encina, con el que sigui\u00f3 ganando varias competencias h\u00edpicas. \u201cGualicho\u201d muri\u00f3 por causas naturales en la estancia del Chaco de Arza Encina.<\/p>\n<p><img loading=\"lazy\" decoding=\"async\" class=\"size-full wp-image-409 aligncenter\" src=\"https:\/\/24-7.com.py\/wp-content\/uploads\/2026\/08\/recursos5.jpg\" alt=\"\" width=\"524\" height=\"530\" srcset=\"https:\/\/24-7.com.py\/wp-content\/uploads\/2026\/08\/recursos5.jpg 524w, https:\/\/24-7.com.py\/wp-content\/uploads\/2026\/08\/recursos5-297x300.jpg 297w\" sizes=\"auto, (max-width: 524px) 100vw, 524px\" \/><\/p>\n<p><em>Don Pel\u00f3n al lomo de \u201cGualicho\u201d, un veloz Cuarto de Milla. <\/em><\/p>\n<p>Don Pel\u00f3n extendi\u00f3 su trabajo pecuario hacia el Chaco donde, entre Loma Plata y Filadelfia, kil\u00f3metro 520 de la Ruta Transchaco, donde cre\u00f3 la estancia \u201cTait\u00e1\u201d.<\/p>\n<p>Ante su familia tom\u00f3 por filosof\u00eda priorizar a la familia y no al dinero. Una familia con miembros ejemplares en todo sentido. Hizo una familia donde los hijos y dem\u00e1s descendientes desean estar juntos. Cuentan algunos de sus veteranos amigos que \u00e9l y sus hijos siempre vest\u00edan a la usanza correntina: bombacha, sombrero o boina, botas y cintur\u00f3n con incrustaciones met\u00e1licas.<\/p>\n<p>Se sent\u00eda joven y se rodeaba de gente joven. Form\u00f3 parte de la directiva de la Asociaci\u00f3n Rural del Paraguay.<\/p>\n<p>Falleci\u00f3 a los 81 a\u00f1os de edad el s\u00e1bado 22 de diciembre de 2001.<\/p>\n<p><strong><em>(Del libro \u201cForjadores de la Ganader\u00eda Paraguaya, del autor de esta biograf\u00eda, Editorial El Foro, Asunci\u00f3n, 2024). \u00a0<\/em><\/strong><\/p>\n<p><strong><em>\u00a0<\/em><\/strong><\/p>\n<p>&nbsp;<\/p>\n<p><strong>\u00a0<\/strong><\/p>\n<p><strong>\u00a0<\/strong><\/p>\n<p><strong>\u00a0<\/strong><\/p>\n","protected":false},"excerpt":{"rendered":"<p>Naci\u00f3 el mi\u00e9rcoles 20 de julio de 1921 en Asunci\u00f3n. Hijo de Raimundo Llano Chamorro y Livia Casal Ribeiro. La familia Llano es de origen vasco. Se asent\u00f3&hellip;<\/p>\n","protected":false},"author":4,"featured_media":410,"comment_status":"closed","ping_status":"closed","sticky":false,"template":"","format":"standard","meta":{"footnotes":""},"categories":[25],"tags":[],"personalidad":[],"class_list":["post-405","post","type-post","status-publish","format-standard","has-post-thumbnail","hentry","category-biografias"],"_links":{"self":[{"href":"https:\/\/24-7.com.py\/index.php\/wp-json\/wp\/v2\/posts\/405","targetHints":{"allow":["GET"]}}],"collection":[{"href":"https:\/\/24-7.com.py\/index.php\/wp-json\/wp\/v2\/posts"}],"about":[{"href":"https:\/\/24-7.com.py\/index.php\/wp-json\/wp\/v2\/types\/post"}],"author":[{"embeddable":true,"href":"https:\/\/24-7.com.py\/index.php\/wp-json\/wp\/v2\/users\/4"}],"replies":[{"embeddable":true,"href":"https:\/\/24-7.com.py\/index.php\/wp-json\/wp\/v2\/comments?post=405"}],"version-history":[{"count":1,"href":"https:\/\/24-7.com.py\/index.php\/wp-json\/wp\/v2\/posts\/405\/revisions"}],"predecessor-version":[{"id":411,"href":"https:\/\/24-7.com.py\/index.php\/wp-json\/wp\/v2\/posts\/405\/revisions\/411"}],"wp:featuredmedia":[{"embeddable":true,"href":"https:\/\/24-7.com.py\/index.php\/wp-json\/wp\/v2\/media\/410"}],"wp:attachment":[{"href":"https:\/\/24-7.com.py\/index.php\/wp-json\/wp\/v2\/media?parent=405"}],"wp:term":[{"taxonomy":"category","embeddable":true,"href":"https:\/\/24-7.com.py\/index.php\/wp-json\/wp\/v2\/categories?post=405"},{"taxonomy":"post_tag","embeddable":true,"href":"https:\/\/24-7.com.py\/index.php\/wp-json\/wp\/v2\/tags?post=405"},{"taxonomy":"personalidad","embeddable":true,"href":"https:\/\/24-7.com.py\/index.php\/wp-json\/wp\/v2\/personalidad?post=405"}],"curies":[{"name":"wp","href":"https:\/\/api.w.org\/{rel}","templated":true}]}}