{"id":389,"date":"2026-08-21T04:05:39","date_gmt":"2026-08-21T07:05:39","guid":{"rendered":"https:\/\/24-7.com.py\/?p=389"},"modified":"2026-08-20T22:40:54","modified_gmt":"2026-08-21T01:40:54","slug":"dia-del-catequista","status":"publish","type":"post","link":"https:\/\/24-7.com.py\/index.php\/2026\/08\/21\/dia-del-catequista\/","title":{"rendered":"D\u00eda del Catequista"},"content":{"rendered":"<p>El D\u00eda del Catequista se celebra cada 21 de agosto. La Iglesia Cat\u00f3lica eligi\u00f3 esta fecha para recordar a San P\u00edo X, quien es el patrono de los catequistas porque ayud\u00f3 mucho a la ense\u00f1anza de la fe y permiti\u00f3 que los ni\u00f1os recibieran los sacramentos a una edad temprana.<br \/>\nSe recuerda la fiesta lit\u00fargica de San P\u00edo X, cuyo nombre real era Giuseppe Sarto Papa que vivi\u00f3 entre 1903 y 1914 y escribi\u00f3 un catecismo nuevo. Adem\u00e1s, dej\u00f3 que los ni\u00f1os tomaran la comuni\u00f3n m\u00e1s joven.<br \/>\nEn la religi\u00f3n cat\u00f3lica, se denomina catequesis (del griego \u03ba\u03b1\u03c4\u03b7\u03c7\u03b9\u03c3\u03bc\u03cc\u03c2, de \u03ba\u03b1\u03c4\u03b7\u03c7\u03b5\u1fd6\u03bd,&#8217;instruir&#8217;) a la tradici\u00f3n del dep\u00f3sito de la fe a los nuevos miembros que se inician en la Iglesia cat\u00f3lica y su posterior instrucci\u00f3n. Se encuentra en el origen mismo del cristianismo, completando el anuncio transmitido, en primer lugar, por el kerigma.<br \/>\nLa catequesis es una de las formas de servicio a la Palabra de Dios y se inscribe dentro del ministerio prof\u00e9tico. Es una acci\u00f3n eclesial destinada a los miembros de la comunidad cristiana que han recibido el anuncio de fe (tambi\u00e9n llamado primer anuncio o kerigma) y lo han aceptado en sus vidas. Como acci\u00f3n educativa, busca instruir a los disc\u00edpulos, acompa\u00f1\u00e1ndolos en el camino de maduraci\u00f3n de su fe. La finalidad de toda acci\u00f3n catequ\u00edstica es que cada cristiano pueda encontrarse con la persona de Jesucristo y hacer confesi\u00f3n de su fe trinitaria.<br \/>\nSe entiende a la evangelizaci\u00f3n como la acci\u00f3n destinada a dar a conocer el mensaje de Jesucristo, contenido en los Evangelios y resguardado por la misma comunidad eclesial, invitando a hombres y mujeres a adherirse a la fe, sumarse a la comunidad cristiana y comprometerse en la edificaci\u00f3n de la sociedad.<br \/>\nDentro de este proceso, la catequesis viene a continuaci\u00f3n del kerigma o primer anuncio. El kerigma tiene por misi\u00f3n suscitar en los hombres la fe en Jesucristo.<\/p>\n<p>Por medio del Bautismo, los creyentes ingresan en la vida de la Iglesia cat\u00f3lica. La fe recibida es fortalecida con la acci\u00f3n catequ\u00edstica preparando al disc\u00edpulo para desplegar en el mundo (sus ambientes cotidianos: hogar, barrio, trabajo, sector) su labor apost\u00f3lica: convocar a otros a sumarse a la vida de la comunidad cristiana.<br \/>\nEn palabras de San Juan Pablo II: La catequesis es un proceso de formaci\u00f3n en la fe, la esperanza y la caridad que informa la mente y toca el coraz\u00f3n, llevando a la persona a abrazar a Cristo de modo pleno y completo. Introduce m\u00e1s plenamente al creyente en la experiencia de la vida cristiana que incluye la celebraci\u00f3n lit\u00fargica del misterio de la redenci\u00f3n y el servicio cristiano a los otros\u00bb.<br \/>\nLa catequesis, como ministerio prof\u00e9tico, asiste al creyente en diversos momentos de su vida: tanto en la Iniciaci\u00f3n a la Vida cristiana como en tiempo dedicados a profundizar la fe dando respuesta a interrogantes vitales propios de cada momento de la existencia:<br \/>\nLa predicaci\u00f3n de Jes\u00fas, su estilo pedag\u00f3gico, es modelo de toda catequesis. La ense\u00f1anza de Jes\u00fas va acompa\u00f1ada por sus acciones: cada una de sus palabras encuentra resonancia en su vida. Vive profundamente lo que ense\u00f1a. Este aspecto otorga autoridad a su ense\u00f1anza, que tiene sabor a \u00abbuena nueva\u00bb.<br \/>\nJes\u00fas ense\u00f1a de modo original, con ejemplos sencillos tomados de la vida cotidiana introduce a sus oyentes en los misterios del Reino de los Cielos, especialmente, por medio de las par\u00e1bolas.<br \/>\nPero su ense\u00f1anza no tiende, exclusivamente, a esclarecer estos misterios, sino de llamar a la conversi\u00f3n: invita a asumir un nuevo estilo de vida, sintetizado en el Serm\u00f3n de la Monta\u00f1a (las Bienaventuranzas &#8211; Mt 5, 1-12) y en el mandamiento del amor: \u00ab\u00c1mense los unos a los otros como yo mismo los am\u00e9\u00bb.<\/p>\n<p><img loading=\"lazy\" decoding=\"async\" class=\"wp-image-390 aligncenter\" src=\"https:\/\/24-7.com.py\/wp-content\/uploads\/2026\/08\/dia-del-catequista-300x281.jpeg\" alt=\"\" width=\"402\" height=\"377\" srcset=\"https:\/\/24-7.com.py\/wp-content\/uploads\/2026\/08\/dia-del-catequista-300x281.jpeg 300w, https:\/\/24-7.com.py\/wp-content\/uploads\/2026\/08\/dia-del-catequista-1024x959.jpeg 1024w, https:\/\/24-7.com.py\/wp-content\/uploads\/2026\/08\/dia-del-catequista-768x720.jpeg 768w, https:\/\/24-7.com.py\/wp-content\/uploads\/2026\/08\/dia-del-catequista.jpeg 1221w\" sizes=\"auto, (max-width: 402px) 100vw, 402px\" \/><\/p>\n","protected":false},"excerpt":{"rendered":"<p>El D\u00eda del Catequista se celebra cada 21 de agosto. La Iglesia Cat\u00f3lica eligi\u00f3 esta fecha para recordar a San P\u00edo X, quien es el patrono de los&hellip;<\/p>\n","protected":false},"author":6,"featured_media":0,"comment_status":"closed","ping_status":"closed","sticky":false,"template":"","format":"standard","meta":{"footnotes":""},"categories":[60],"tags":[],"personalidad":[],"class_list":["post-389","post","type-post","status-publish","format-standard","hentry","category-un-dia-como-hoy"],"_links":{"self":[{"href":"https:\/\/24-7.com.py\/index.php\/wp-json\/wp\/v2\/posts\/389","targetHints":{"allow":["GET"]}}],"collection":[{"href":"https:\/\/24-7.com.py\/index.php\/wp-json\/wp\/v2\/posts"}],"about":[{"href":"https:\/\/24-7.com.py\/index.php\/wp-json\/wp\/v2\/types\/post"}],"author":[{"embeddable":true,"href":"https:\/\/24-7.com.py\/index.php\/wp-json\/wp\/v2\/users\/6"}],"replies":[{"embeddable":true,"href":"https:\/\/24-7.com.py\/index.php\/wp-json\/wp\/v2\/comments?post=389"}],"version-history":[{"count":3,"href":"https:\/\/24-7.com.py\/index.php\/wp-json\/wp\/v2\/posts\/389\/revisions"}],"predecessor-version":[{"id":393,"href":"https:\/\/24-7.com.py\/index.php\/wp-json\/wp\/v2\/posts\/389\/revisions\/393"}],"wp:attachment":[{"href":"https:\/\/24-7.com.py\/index.php\/wp-json\/wp\/v2\/media?parent=389"}],"wp:term":[{"taxonomy":"category","embeddable":true,"href":"https:\/\/24-7.com.py\/index.php\/wp-json\/wp\/v2\/categories?post=389"},{"taxonomy":"post_tag","embeddable":true,"href":"https:\/\/24-7.com.py\/index.php\/wp-json\/wp\/v2\/tags?post=389"},{"taxonomy":"personalidad","embeddable":true,"href":"https:\/\/24-7.com.py\/index.php\/wp-json\/wp\/v2\/personalidad?post=389"}],"curies":[{"name":"wp","href":"https:\/\/api.w.org\/{rel}","templated":true}]}}