{"id":384,"date":"2026-08-21T04:04:41","date_gmt":"2026-08-21T07:04:41","guid":{"rendered":"https:\/\/24-7.com.py\/?p=384"},"modified":"2026-08-20T22:32:40","modified_gmt":"2026-08-21T01:32:40","slug":"panchos-calentitos-frente-a-abc-habra-esta-manana","status":"publish","type":"post","link":"https:\/\/24-7.com.py\/index.php\/2026\/08\/21\/panchos-calentitos-frente-a-abc-habra-esta-manana\/","title":{"rendered":"Panchos calentitos frente a Abc habr\u00e1 esta ma\u00f1ana"},"content":{"rendered":"<p>En el marco de la campa\u00f1a por el reajuste del salario de los periodistas y los trabajadores de prensa del 5% y ante el incumplimiento de la empresa, realizaran esta ma\u00f1ana una pancheada popular frente al diario ABC Color en reclamo de sus derechos.<br \/>\nAl evento que se iniciara a las 12:00 est\u00e1n todos invitados, tanto los propios trabajadores de la editorial como los de oficinas vecinas, parientes, amigos, colegas, distribuidores, canillitas, transe\u00fantes, curiosos, asi como aquellos que siempre gustan de un sabroso y calentito pancho.<br \/>\nAl decir de algunos de los periodistas del citado medio, llegaron a esta instancia despu\u00e9s de reiterados pedidos del abono de reajuste salarial que nunca percibieron ya que la patronal sigue incumpliendo la medida.<br \/>\nSe\u00f1alaron que son una de las pocas empresas que no acata la medida y priva a sus empleados algo leg\u00edtimamente otorgado y que conlleva a una situaci\u00f3n de intranquilidad laboral.<br \/>\nHasta en nuestras casas, nuestras familias no pueden creer que nos est\u00e9n haciendo esto, se\u00f1al\u00f3 un trabajador de prensa, porque somos nosotros los que siempre defendemos los derechos de los trabajadores y ahora nos toca ser los protagonistas de las historias que siempre relatamos.<br \/>\nUna medida similar, pero con un men\u00fa diferenciado se vivi\u00f3 d\u00edas atr\u00e1s sobre la calle Benjam\u00edn Constant 658 donde funciona el diario Ultima Hora donde los problemas de incumplimiento por parte de la patronal son los mismos para con sus periodistas y trabajadores de prensa.<br \/>\nEn ese caso el men\u00fa fue algo m\u00e1s elaborado que el anunciado para hoy, ya que consisti\u00f3 en guiso de arroz con pollo<\/p>\n<p><img loading=\"lazy\" decoding=\"async\" class=\"alignnone wp-image-385 \" src=\"https:\/\/24-7.com.py\/wp-content\/uploads\/2026\/08\/pancheada-abc-252x300.jpeg\" alt=\"\" width=\"399\" height=\"475\" srcset=\"https:\/\/24-7.com.py\/wp-content\/uploads\/2026\/08\/pancheada-abc-252x300.jpeg 252w, https:\/\/24-7.com.py\/wp-content\/uploads\/2026\/08\/pancheada-abc-858x1024.jpeg 858w, https:\/\/24-7.com.py\/wp-content\/uploads\/2026\/08\/pancheada-abc-768x916.jpeg 768w, https:\/\/24-7.com.py\/wp-content\/uploads\/2026\/08\/pancheada-abc.jpeg 1224w\" sizes=\"auto, (max-width: 399px) 100vw, 399px\" \/><\/p>\n","protected":false},"excerpt":{"rendered":"<p>En el marco de la campa\u00f1a por el reajuste del salario de los periodistas y los trabajadores de prensa del 5% y ante el incumplimiento de la empresa,&hellip;<\/p>\n","protected":false},"author":6,"featured_media":0,"comment_status":"closed","ping_status":"closed","sticky":false,"template":"","format":"standard","meta":{"footnotes":""},"categories":[57],"tags":[],"personalidad":[],"class_list":["post-384","post","type-post","status-publish","format-standard","hentry","category-local"],"_links":{"self":[{"href":"https:\/\/24-7.com.py\/index.php\/wp-json\/wp\/v2\/posts\/384","targetHints":{"allow":["GET"]}}],"collection":[{"href":"https:\/\/24-7.com.py\/index.php\/wp-json\/wp\/v2\/posts"}],"about":[{"href":"https:\/\/24-7.com.py\/index.php\/wp-json\/wp\/v2\/types\/post"}],"author":[{"embeddable":true,"href":"https:\/\/24-7.com.py\/index.php\/wp-json\/wp\/v2\/users\/6"}],"replies":[{"embeddable":true,"href":"https:\/\/24-7.com.py\/index.php\/wp-json\/wp\/v2\/comments?post=384"}],"version-history":[{"count":2,"href":"https:\/\/24-7.com.py\/index.php\/wp-json\/wp\/v2\/posts\/384\/revisions"}],"predecessor-version":[{"id":388,"href":"https:\/\/24-7.com.py\/index.php\/wp-json\/wp\/v2\/posts\/384\/revisions\/388"}],"wp:attachment":[{"href":"https:\/\/24-7.com.py\/index.php\/wp-json\/wp\/v2\/media?parent=384"}],"wp:term":[{"taxonomy":"category","embeddable":true,"href":"https:\/\/24-7.com.py\/index.php\/wp-json\/wp\/v2\/categories?post=384"},{"taxonomy":"post_tag","embeddable":true,"href":"https:\/\/24-7.com.py\/index.php\/wp-json\/wp\/v2\/tags?post=384"},{"taxonomy":"personalidad","embeddable":true,"href":"https:\/\/24-7.com.py\/index.php\/wp-json\/wp\/v2\/personalidad?post=384"}],"curies":[{"name":"wp","href":"https:\/\/api.w.org\/{rel}","templated":true}]}}