{"id":369,"date":"2026-08-21T04:07:33","date_gmt":"2026-08-21T07:07:33","guid":{"rendered":"https:\/\/24-7.com.py\/?p=369"},"modified":"2026-08-20T22:43:13","modified_gmt":"2026-08-21T01:43:13","slug":"claudia-centurion-pone-fin-al-semaforo-de-la-muerte-que-dejo-el-gobierno-anterior","status":"publish","type":"post","link":"https:\/\/24-7.com.py\/index.php\/2026\/08\/21\/claudia-centurion-pone-fin-al-semaforo-de-la-muerte-que-dejo-el-gobierno-anterior\/","title":{"rendered":"CLAUDIA CENTURI\u00d3N PONE FIN AL SEM\u00c1FORO DE  LA MUERTE QUE DEJ\u00d3 EL GOBIERNO ANTERIOR"},"content":{"rendered":"<p><strong>Mientras los responsables de la administraci\u00f3n pasada intentan evadir su culpa por la trampa vial de Pedrozo, la actual gesti\u00f3n del MOPC destraba el conflicto judicial y t\u00e9cnico para desmantelar un peligro que cost\u00f3 decenas de vidas.<\/strong><\/p>\n<p>El cruce de la Ruta PY02 con el desv\u00edo a Piray\u00fa, en la compa\u00f1\u00eda Pedrozo de Ypacara\u00ed, se convirti\u00f3 en los \u00faltimos a\u00f1os en un punto negro para la seguridad vial del pa\u00eds.<\/p>\n<p>En plena pendiente de descenso del cerro Caacup\u00e9, la colocaci\u00f3n de un sem\u00e1foro desafi\u00f3 toda l\u00f3gica de la ingenier\u00eda del transporte. Una constante cr\u00f3nica de tragedias: camiones sin frenos embistiendo a autom\u00f3viles que aguardaban la luz verde.<\/p>\n<p>Decenas de muertes justifican hoy la profunda indignaci\u00f3n colectiva de una ciudadan\u00eda que exige responsabilidades.<\/p>\n<p>LA ORDEN FUE DE MARITO Y WIENS<\/p>\n<p><img loading=\"lazy\" decoding=\"async\" class=\"alignnone wp-image-370 size-medium\" src=\"https:\/\/24-7.com.py\/wp-content\/uploads\/2026\/08\/arnaldo-300x222.jpg\" alt=\"\" width=\"300\" height=\"222\" srcset=\"https:\/\/24-7.com.py\/wp-content\/uploads\/2026\/08\/arnaldo-300x222.jpg 300w, https:\/\/24-7.com.py\/wp-content\/uploads\/2026\/08\/arnaldo-768x568.jpg 768w, https:\/\/24-7.com.py\/wp-content\/uploads\/2026\/08\/arnaldo.jpg 900w\" sizes=\"auto, (max-width: 300px) 100vw, 300px\" \/><\/p>\n<p><em>Cuando fue ministro del MOPC, Arnoldo Wiens orden\u00f3 la colocaci\u00f3n del sem\u00e1foro de Pedrozo.<\/em><\/p>\n<p>Para entender el origen de esta impericia, es necesario retroceder a la administraci\u00f3n gubernamental anterior (2018-2023).<\/p>\n<p>Durante la gesti\u00f3n de Arnoldo Wiens al frente del Ministerio de Obras P\u00fablicas y Comunicaciones (MOPC), se instal\u00f3 en 2022 el cuestionado dispositivo t\u00e9cnico. No fue un hecho aislado, sino parte de una pol\u00edtica de infraestructura que prioriz\u00f3 soluciones cosm\u00e9ticas por sobre la seguridad t\u00e9cnica.<\/p>\n<p>Dos a\u00f1os antes, el 17 de agosto de 2020, el entonces presidente Mario Abdo Ben\u00edtez y sus t\u00e9cnicos ya hab\u00edan inaugurado con pretensiones de gran obra un ins\u00f3lito puente de un solo carril en el tramo Naranjaty-Costa Fleitas, uniendo Capiat\u00e1 con Aregu\u00e1.<\/p>\n<p><img loading=\"lazy\" decoding=\"async\" class=\"alignnone size-full wp-image-371\" src=\"https:\/\/24-7.com.py\/wp-content\/uploads\/2026\/08\/ciudad.jpg\" alt=\"\" width=\"318\" height=\"159\" srcset=\"https:\/\/24-7.com.py\/wp-content\/uploads\/2026\/08\/ciudad.jpg 318w, https:\/\/24-7.com.py\/wp-content\/uploads\/2026\/08\/ciudad-300x150.jpg 300w\" sizes=\"auto, (max-width: 318px) 100vw, 318px\" \/><\/p>\n<p><em>El sem\u00e1foro de las tragedias. <\/em><\/p>\n<p>Aquella estructura, que demand\u00f3 una inversi\u00f3n de 5.200 millones de guaran\u00edes, ya requiri\u00f3 la colocaci\u00f3n de un sem\u00e1foro para regular el paso alternado debido a sus estrechas dimensiones; una muestra de los controvertidos criterios de planificaci\u00f3n de esa \u00e9poca.<\/p>\n<p>En el caso espec\u00edfico de Pedrozo, el artefacto lum\u00ednico devino en trampa mortal.<\/p>\n<p>Ante el clamor popular provocado por los fatales accidentes, los responsables pol\u00edticos de su instalaci\u00f3n intentaron en los \u00faltimos meses desmarcarse de las consecuencias de sus decisiones, buscando trasladar la responsabilidad de la negligencia a la conducci\u00f3n actual del MOPC.<\/p>\n<p>Sin embargo, la realidad de los hechos demuestra que la actual ministra, Claudia Centuri\u00f3n, hered\u00f3 un escenario complejo y judicializado.<\/p>\n<p>Lejos de la inacci\u00f3n, la secretaria de Estado asumi\u00f3 el liderazgo para destrabar el nudo cr\u00edtico legal que paralizaba las obras complementarias en la zona.<\/p>\n<p>Tras resolverse la causa judicial y gestionarse la modificaci\u00f3n contractual correspondiente, la administraci\u00f3n de Centuri\u00f3n proceder\u00e1 finalmente al retiro definitivo del sem\u00e1foro, abordando con la urgencia que la vida humana exige la readecuaci\u00f3n t\u00e9cnica definitiva del conflictivo tramo.<\/p>\n<p>El caso de Pedrozo expone las consecuencias tangibles de una gesti\u00f3n pasada caracterizada por el desorden institucional y las obras deficientes, frente a una conducci\u00f3n actual que asume con firmeza la tarea de ordenar la casa y priorizar la seguridad vial nacional.<\/p>\n","protected":false},"excerpt":{"rendered":"<p>Mientras los responsables de la administraci\u00f3n pasada intentan evadir su culpa por la trampa vial de Pedrozo, la actual gesti\u00f3n del MOPC destraba el conflicto judicial y t\u00e9cnico&hellip;<\/p>\n","protected":false},"author":6,"featured_media":372,"comment_status":"closed","ping_status":"closed","sticky":false,"template":"","format":"standard","meta":{"footnotes":""},"categories":[57],"tags":[],"personalidad":[],"class_list":["post-369","post","type-post","status-publish","format-standard","has-post-thumbnail","hentry","category-local"],"_links":{"self":[{"href":"https:\/\/24-7.com.py\/index.php\/wp-json\/wp\/v2\/posts\/369","targetHints":{"allow":["GET"]}}],"collection":[{"href":"https:\/\/24-7.com.py\/index.php\/wp-json\/wp\/v2\/posts"}],"about":[{"href":"https:\/\/24-7.com.py\/index.php\/wp-json\/wp\/v2\/types\/post"}],"author":[{"embeddable":true,"href":"https:\/\/24-7.com.py\/index.php\/wp-json\/wp\/v2\/users\/6"}],"replies":[{"embeddable":true,"href":"https:\/\/24-7.com.py\/index.php\/wp-json\/wp\/v2\/comments?post=369"}],"version-history":[{"count":1,"href":"https:\/\/24-7.com.py\/index.php\/wp-json\/wp\/v2\/posts\/369\/revisions"}],"predecessor-version":[{"id":373,"href":"https:\/\/24-7.com.py\/index.php\/wp-json\/wp\/v2\/posts\/369\/revisions\/373"}],"wp:featuredmedia":[{"embeddable":true,"href":"https:\/\/24-7.com.py\/index.php\/wp-json\/wp\/v2\/media\/372"}],"wp:attachment":[{"href":"https:\/\/24-7.com.py\/index.php\/wp-json\/wp\/v2\/media?parent=369"}],"wp:term":[{"taxonomy":"category","embeddable":true,"href":"https:\/\/24-7.com.py\/index.php\/wp-json\/wp\/v2\/categories?post=369"},{"taxonomy":"post_tag","embeddable":true,"href":"https:\/\/24-7.com.py\/index.php\/wp-json\/wp\/v2\/tags?post=369"},{"taxonomy":"personalidad","embeddable":true,"href":"https:\/\/24-7.com.py\/index.php\/wp-json\/wp\/v2\/personalidad?post=369"}],"curies":[{"name":"wp","href":"https:\/\/api.w.org\/{rel}","templated":true}]}}