{"id":350,"date":"2026-08-20T04:04:02","date_gmt":"2026-08-20T07:04:02","guid":{"rendered":"https:\/\/24-7.com.py\/?p=350"},"modified":"2026-08-19T16:54:08","modified_gmt":"2026-08-19T19:54:08","slug":"dia-mundial-de-la-papa-frita","status":"publish","type":"post","link":"https:\/\/24-7.com.py\/index.php\/2026\/08\/20\/dia-mundial-de-la-papa-frita\/","title":{"rendered":"D\u00eda Mundial de la papa frita"},"content":{"rendered":"<p>El D\u00eda Mundial de la Papa Frita se celebra cada 20 de agosto. Es una fecha global dedicada a uno de los acompa\u00f1amientos m\u00e1s populares del mundo, aunque no existe un registro oficial sobre qui\u00e9n cre\u00f3 esta conmemoraci\u00f3n.<br \/>\nOrigen e Historia<br \/>\nSu origen exacto no est\u00e1 claro y se lo disputan principalmente Francia y B\u00e9lgica. La hip\u00f3tesis francesa dice que los vendedores ambulantes las preparaban a finales del siglo XVIII en el Pont Neuf de Par\u00eds y la hip\u00f3tesis belga seg\u00fan una leyenda local cuenta que los habitantes del sur de B\u00e9lgica ya las fre\u00edan en el siglo XVII como reemplazo del pescado cuando los r\u00edos se congelaban.<br \/>\nDatos Curiosos<br \/>\nEn la ciudad de Brujas, B\u00e9lgica, existe un museo exclusivo dedicado a este alimento llamado Friet Museum. La papa como planta es nativa de Am\u00e9rica del Sur y fue llevada a Europa tras la colonizaci\u00f3n. Muchos locales de comida r\u00e1pida y restaurantes aprovechan la fecha para ofrecer promociones especiales, descuentos o dos por uno.<br \/>\nNo sorprende que las papas fritas sean un cl\u00e1sico de la gastronom\u00eda nacional: est\u00e1n presentes tanto en las parrillas como en las mesas familiares, sin distinci\u00f3n de clase social.<br \/>\nEl mejor punto de cocci\u00f3n<br \/>\nUno de los grandes debates es cu\u00e1l es el punto ideal de cocci\u00f3n.<br \/>\nPara lograr papas fritas crocantes por fuera y tiernas por dentro, los expertos recomiendan una doble fritura: primero a temperatura media para cocinarlas, y luego a temperatura alta para dorarlas.<br \/>\nOtro secreto es el corte: las papas bast\u00f3n son las m\u00e1s populares, aunque tambi\u00e9n se destacan las finas \u00aba la francesa\u00bb y las r\u00fasticas con piel.<br \/>\nM\u00e1s que un gusto: propiedades de la papa<br \/>\nSi bien las papas fritas suelen asociarse con comida r\u00e1pida, el tub\u00e9rculo en s\u00ed tiene varias propiedades nutricionales:<br \/>\nEs una fuente natural de vitamina C y potasio, importantes para el sistema inmune y la salud cardiovascular.<br \/>\nAporta fibra y carbohidratos complejos, que brindan energ\u00eda sostenida.<br \/>\nSu contenido de antioxidantes contribuye a proteger al organismo del da\u00f1o celular.<br \/>\nClaro est\u00e1 que fritas suman grasas y calor\u00edas, pero acompa\u00f1adas de t\u00e9cnicas m\u00e1s saludables -como la cocci\u00f3n al horno o en freidoras de aire- se pueden disfrutar con menos culpa.<\/p>\n","protected":false},"excerpt":{"rendered":"<p>El D\u00eda Mundial de la Papa Frita se celebra cada 20 de agosto. Es una fecha global dedicada a uno de los acompa\u00f1amientos m\u00e1s populares del mundo, aunque&hellip;<\/p>\n","protected":false},"author":5,"featured_media":351,"comment_status":"closed","ping_status":"closed","sticky":false,"template":"","format":"standard","meta":{"footnotes":""},"categories":[60],"tags":[],"personalidad":[],"class_list":["post-350","post","type-post","status-publish","format-standard","has-post-thumbnail","hentry","category-un-dia-como-hoy"],"_links":{"self":[{"href":"https:\/\/24-7.com.py\/index.php\/wp-json\/wp\/v2\/posts\/350","targetHints":{"allow":["GET"]}}],"collection":[{"href":"https:\/\/24-7.com.py\/index.php\/wp-json\/wp\/v2\/posts"}],"about":[{"href":"https:\/\/24-7.com.py\/index.php\/wp-json\/wp\/v2\/types\/post"}],"author":[{"embeddable":true,"href":"https:\/\/24-7.com.py\/index.php\/wp-json\/wp\/v2\/users\/5"}],"replies":[{"embeddable":true,"href":"https:\/\/24-7.com.py\/index.php\/wp-json\/wp\/v2\/comments?post=350"}],"version-history":[{"count":1,"href":"https:\/\/24-7.com.py\/index.php\/wp-json\/wp\/v2\/posts\/350\/revisions"}],"predecessor-version":[{"id":352,"href":"https:\/\/24-7.com.py\/index.php\/wp-json\/wp\/v2\/posts\/350\/revisions\/352"}],"wp:featuredmedia":[{"embeddable":true,"href":"https:\/\/24-7.com.py\/index.php\/wp-json\/wp\/v2\/media\/351"}],"wp:attachment":[{"href":"https:\/\/24-7.com.py\/index.php\/wp-json\/wp\/v2\/media?parent=350"}],"wp:term":[{"taxonomy":"category","embeddable":true,"href":"https:\/\/24-7.com.py\/index.php\/wp-json\/wp\/v2\/categories?post=350"},{"taxonomy":"post_tag","embeddable":true,"href":"https:\/\/24-7.com.py\/index.php\/wp-json\/wp\/v2\/tags?post=350"},{"taxonomy":"personalidad","embeddable":true,"href":"https:\/\/24-7.com.py\/index.php\/wp-json\/wp\/v2\/personalidad?post=350"}],"curies":[{"name":"wp","href":"https:\/\/api.w.org\/{rel}","templated":true}]}}