{"id":325,"date":"2026-08-20T04:00:23","date_gmt":"2026-08-20T07:00:23","guid":{"rendered":"https:\/\/24-7.com.py\/?p=325"},"modified":"2026-08-19T16:28:53","modified_gmt":"2026-08-19T19:28:53","slug":"enrique-riera-figueredo","status":"publish","type":"post","link":"https:\/\/24-7.com.py\/index.php\/2026\/08\/20\/enrique-riera-figueredo\/","title":{"rendered":"ENRIQUE RIERA FIGUEREDO"},"content":{"rendered":"<p>Enrique Manuel Riera Figueredo (1928-2005) fue un destacado hacendado, abogado y pol\u00edtico paraguayo, reconocido por su f\u00e9rrea oposici\u00f3n a la dictadura de Alfredo Stroessner como miembro del Movimiento Popular Colorado (MOPOCO) y por liderar la Asociaci\u00f3n Rural del Paraguay (ARP) durante parte de la transici\u00f3n democr\u00e1tica. Su gesti\u00f3n gremial se caracteriz\u00f3 por la defensa de la propiedad privada y la revalorizaci\u00f3n de la ganader\u00eda, dejando un legado institucional en el campo de exposiciones de la ARP.<\/p>\n<p>Naci\u00f3 el viernes 17 de febrero de 1928 en San Bernardino, Paraguay. Hijo de Manuel Riera Milleres y Enriqueta Figueredo Rojas. Abogado, pol\u00edtico y hacendado. Se cas\u00f3 con Mar\u00eda del Carmen Escudero Prieto. Sus hijos son Mar\u00eda del Carmen, Manuel, Irene, Mar\u00eda Teresa y Enrique Riera Escudero.<\/p>\n<p>Asumi\u00f3 la direcci\u00f3n y administraci\u00f3n de \u201cGanadera Riera SA\u201d, con estancia en Lobo Cu\u00e1, Caraguatay, departamento de la Cordillera.<\/p>\n<p><img loading=\"lazy\" decoding=\"async\" class=\"alignnone wp-image-326 size-medium\" src=\"https:\/\/24-7.com.py\/wp-content\/uploads\/2026\/08\/persona-300x199.jpg\" alt=\"\" width=\"300\" height=\"199\" srcset=\"https:\/\/24-7.com.py\/wp-content\/uploads\/2026\/08\/persona-300x199.jpg 300w, https:\/\/24-7.com.py\/wp-content\/uploads\/2026\/08\/persona-768x510.jpg 768w, https:\/\/24-7.com.py\/wp-content\/uploads\/2026\/08\/persona-600x400.jpg 600w, https:\/\/24-7.com.py\/wp-content\/uploads\/2026\/08\/persona.jpg 960w\" sizes=\"auto, (max-width: 300px) 100vw, 300px\" \/><\/p>\n<p>Fue presidente de la Asociaci\u00f3n Rural del Paraguay en dos ocasiones. El sal\u00f3n social y de remates del campo de exposiciones del gremio de los ganaderos lleva su nombre.<\/p>\n<p>Riera Figueredo fue colorado (Asociaci\u00f3n Nacional Republicana). \u201cToda la vida yo estuve en la pol\u00edtica; en la \u00e9poca que tuve un volc\u00e1n en el pecho. Jam\u00e1s traje mis pasiones pol\u00edticas a la Asociaci\u00f3n Rural del Paraguay\u201d, dijo al diario Abc Color que lo public\u00f3 en su suplemento rural del mi\u00e9rcoles, 25 de octubre de 1989.<\/p>\n<p><img loading=\"lazy\" decoding=\"async\" class=\"alignnone size-full wp-image-327\" src=\"https:\/\/24-7.com.py\/wp-content\/uploads\/2026\/08\/persona-2.jpg\" alt=\"\" width=\"88\" height=\"99\" \/><\/p>\n<p>El domingo 5 de noviembre de 1989, dijo en la Revista del diario referido que su administraci\u00f3n mostrar\u00e1 \u201cuna nueva cara\u201d de la Asociaci\u00f3n Rural del Paraguay cuyo tim\u00f3n hab\u00eda tomado un par de semanas atr\u00e1s.\u00a0 En la alborada de la democracia en Paraguay, la Rural fue centro de acciones efectivas para contrarrestar la de quienes alentaban la invasi\u00f3n a la propiedad privada.<\/p>\n<p>Un dato curioso: No le agradaba viajar en avi\u00f3n, lo hac\u00eda solo por razones ineludibles.<\/p>\n<p>Falleci\u00f3 en Asunci\u00f3n el martes 12 de abril de 2005.<\/p>\n<p>Propietario de la estancia \u201cSan Fernando\u201d en Paso Horqueta, Concepci\u00f3n y de \u201cCuatro Siervos\u201d.<\/p>\n<p><img loading=\"lazy\" decoding=\"async\" class=\"alignnone wp-image-328 size-medium\" src=\"https:\/\/24-7.com.py\/wp-content\/uploads\/2026\/08\/persona3-300x214.jpg\" alt=\"\" width=\"300\" height=\"214\" srcset=\"https:\/\/24-7.com.py\/wp-content\/uploads\/2026\/08\/persona3-300x214.jpg 300w, https:\/\/24-7.com.py\/wp-content\/uploads\/2026\/08\/persona3.jpg 650w\" sizes=\"auto, (max-width: 300px) 100vw, 300px\" \/><\/p>\n<p>Puntuales y aguardando alg\u00fan acto, Enrique Riera Figueredo y Victoriano Zavala, amigos desde siempre.<\/p>\n","protected":false},"excerpt":{"rendered":"<p>Enrique Manuel Riera Figueredo (1928-2005) fue un destacado hacendado, abogado y pol\u00edtico paraguayo, reconocido por su f\u00e9rrea oposici\u00f3n a la dictadura de Alfredo Stroessner como miembro del Movimiento&hellip;<\/p>\n","protected":false},"author":6,"featured_media":329,"comment_status":"closed","ping_status":"closed","sticky":false,"template":"","format":"standard","meta":{"footnotes":""},"categories":[25],"tags":[],"personalidad":[],"class_list":["post-325","post","type-post","status-publish","format-standard","has-post-thumbnail","hentry","category-biografias"],"_links":{"self":[{"href":"https:\/\/24-7.com.py\/index.php\/wp-json\/wp\/v2\/posts\/325","targetHints":{"allow":["GET"]}}],"collection":[{"href":"https:\/\/24-7.com.py\/index.php\/wp-json\/wp\/v2\/posts"}],"about":[{"href":"https:\/\/24-7.com.py\/index.php\/wp-json\/wp\/v2\/types\/post"}],"author":[{"embeddable":true,"href":"https:\/\/24-7.com.py\/index.php\/wp-json\/wp\/v2\/users\/6"}],"replies":[{"embeddable":true,"href":"https:\/\/24-7.com.py\/index.php\/wp-json\/wp\/v2\/comments?post=325"}],"version-history":[{"count":2,"href":"https:\/\/24-7.com.py\/index.php\/wp-json\/wp\/v2\/posts\/325\/revisions"}],"predecessor-version":[{"id":359,"href":"https:\/\/24-7.com.py\/index.php\/wp-json\/wp\/v2\/posts\/325\/revisions\/359"}],"wp:featuredmedia":[{"embeddable":true,"href":"https:\/\/24-7.com.py\/index.php\/wp-json\/wp\/v2\/media\/329"}],"wp:attachment":[{"href":"https:\/\/24-7.com.py\/index.php\/wp-json\/wp\/v2\/media?parent=325"}],"wp:term":[{"taxonomy":"category","embeddable":true,"href":"https:\/\/24-7.com.py\/index.php\/wp-json\/wp\/v2\/categories?post=325"},{"taxonomy":"post_tag","embeddable":true,"href":"https:\/\/24-7.com.py\/index.php\/wp-json\/wp\/v2\/tags?post=325"},{"taxonomy":"personalidad","embeddable":true,"href":"https:\/\/24-7.com.py\/index.php\/wp-json\/wp\/v2\/personalidad?post=325"}],"curies":[{"name":"wp","href":"https:\/\/api.w.org\/{rel}","templated":true}]}}