{"id":240,"date":"2026-08-18T04:00:40","date_gmt":"2026-08-18T07:00:40","guid":{"rendered":"https:\/\/24-7.com.py\/?p=240"},"modified":"2026-08-18T07:26:42","modified_gmt":"2026-08-18T10:26:42","slug":"periodistas-de-ultima-hora-organizan-olla-popular","status":"publish","type":"post","link":"https:\/\/24-7.com.py\/index.php\/2026\/08\/18\/periodistas-de-ultima-hora-organizan-olla-popular\/","title":{"rendered":"PERIODISTAS DE ULTIMA HORA  ORGANIZAN OLLA POPULAR"},"content":{"rendered":"<p>Por lo que los periodistas del diario de la calle Benjam\u00edn Constant publican en las redes sociales, con ellos el horno no est\u00e1 para bollos. \u201cLa plata no nos alcanza\u201d, afirman; por tanto, organizan una olla popular frente al diario de Antonio J. Vierci, para el martes, al medio d\u00eda. El men\u00fa es un suculento guiso; eso s\u00ed, piden que los comensales lleven sus platos y cubiertos.<\/p>\n<p><img loading=\"lazy\" decoding=\"async\" class=\"alignnone size-full wp-image-241\" src=\"https:\/\/24-7.com.py\/wp-content\/uploads\/2026\/08\/olla-popular.jpg\" alt=\"\" width=\"600\" height=\"750\" srcset=\"https:\/\/24-7.com.py\/wp-content\/uploads\/2026\/08\/olla-popular.jpg 600w, https:\/\/24-7.com.py\/wp-content\/uploads\/2026\/08\/olla-popular-240x300.jpg 240w\" sizes=\"auto, (max-width: 600px) 100vw, 600px\" \/><\/p>\n","protected":false},"excerpt":{"rendered":"<p>Por lo que los periodistas del diario de la calle Benjam\u00edn Constant publican en las redes sociales, con ellos el horno no est\u00e1 para bollos. \u201cLa plata no&hellip;<\/p>\n","protected":false},"author":6,"featured_media":0,"comment_status":"closed","ping_status":"closed","sticky":false,"template":"","format":"standard","meta":{"footnotes":""},"categories":[10],"tags":[],"personalidad":[],"class_list":["post-240","post","type-post","status-publish","format-standard","hentry","category-opinion"],"_links":{"self":[{"href":"https:\/\/24-7.com.py\/index.php\/wp-json\/wp\/v2\/posts\/240","targetHints":{"allow":["GET"]}}],"collection":[{"href":"https:\/\/24-7.com.py\/index.php\/wp-json\/wp\/v2\/posts"}],"about":[{"href":"https:\/\/24-7.com.py\/index.php\/wp-json\/wp\/v2\/types\/post"}],"author":[{"embeddable":true,"href":"https:\/\/24-7.com.py\/index.php\/wp-json\/wp\/v2\/users\/6"}],"replies":[{"embeddable":true,"href":"https:\/\/24-7.com.py\/index.php\/wp-json\/wp\/v2\/comments?post=240"}],"version-history":[{"count":3,"href":"https:\/\/24-7.com.py\/index.php\/wp-json\/wp\/v2\/posts\/240\/revisions"}],"predecessor-version":[{"id":244,"href":"https:\/\/24-7.com.py\/index.php\/wp-json\/wp\/v2\/posts\/240\/revisions\/244"}],"wp:attachment":[{"href":"https:\/\/24-7.com.py\/index.php\/wp-json\/wp\/v2\/media?parent=240"}],"wp:term":[{"taxonomy":"category","embeddable":true,"href":"https:\/\/24-7.com.py\/index.php\/wp-json\/wp\/v2\/categories?post=240"},{"taxonomy":"post_tag","embeddable":true,"href":"https:\/\/24-7.com.py\/index.php\/wp-json\/wp\/v2\/tags?post=240"},{"taxonomy":"personalidad","embeddable":true,"href":"https:\/\/24-7.com.py\/index.php\/wp-json\/wp\/v2\/personalidad?post=240"}],"curies":[{"name":"wp","href":"https:\/\/api.w.org\/{rel}","templated":true}]}}