{"id":166,"date":"2026-08-16T10:00:00","date_gmt":"2026-08-16T13:00:00","guid":{"rendered":"https:\/\/24-7.com.py\/index.php\/2026\/08\/16\/el-dia-que-elvis-presley-se-hizo-inmortal\/"},"modified":"2026-08-26T22:45:19","modified_gmt":"2026-08-27T01:45:19","slug":"el-dia-que-elvis-presley-se-hizo-inmortal","status":"publish","type":"post","link":"https:\/\/24-7.com.py\/index.php\/2026\/08\/16\/el-dia-que-elvis-presley-se-hizo-inmortal\/","title":{"rendered":"El d\u00eda que Elvis Presley se hizo inmortal"},"content":{"rendered":"\n<p class=\"wp-block-paragraph\"><strong>Elvis Aaron Presley naci\u00f3 en Tupelo, Misisipi, un martes 8 de enero de 1935, a las 04:35. Nadie en ese momento, y hasta a\u00f1os m\u00e1s tarde, sab\u00eda que hab\u00eda nacido el Rey del Rock and Roll, y que aparte de enloquecer con sus canciones y bailes desafiantes para la \u00e9poca, tambi\u00e9n llegar\u00eda a la pantalla grande del cine en 33 pel\u00edculas, m\u00e1s 2 documentales de sus conciertos en vivo.<\/strong><\/p>\n\n\n\n<p class=\"wp-block-paragraph\">El Rey del Rock and Roll grab\u00f3 m\u00e1s de 600 temas, pero \u00e9l nunca compuso ni m\u00fasica ni letra. Le puso voz, carisma y baile para interpretar y dar vida a los escritos de otros, lo que lo elev\u00f3 a lo m\u00e1s alto en su carrera. As\u00ed demostr\u00f3 tambi\u00e9n que para ser leyenda no hab\u00eda que saber escribir alguna canci\u00f3n.<\/p>\n\n\n\n<figure class=\"wp-block-image size-large\"><img loading=\"lazy\" decoding=\"async\" width=\"1224\" height=\"1005\" src=\"https:\/\/24-7.com.py\/wp-content\/uploads\/2026\/08\/elvis-presley-nino-con-sus-padres.jpg\" alt=\"Elvis Presley de ni\u00f1o junto a sus padres, Vernon y Gladys Presley, en Tupelo, Misisipi\" class=\"wp-image-159\" srcset=\"https:\/\/24-7.com.py\/wp-content\/uploads\/2026\/08\/elvis-presley-nino-con-sus-padres.jpg 1224w, https:\/\/24-7.com.py\/wp-content\/uploads\/2026\/08\/elvis-presley-nino-con-sus-padres-300x246.jpg 300w, https:\/\/24-7.com.py\/wp-content\/uploads\/2026\/08\/elvis-presley-nino-con-sus-padres-1024x841.jpg 1024w, https:\/\/24-7.com.py\/wp-content\/uploads\/2026\/08\/elvis-presley-nino-con-sus-padres-768x631.jpg 768w\" sizes=\"auto, (max-width: 1224px) 100vw, 1224px\" \/><figcaption class=\"wp-element-caption\">Elvis, de ni\u00f1o, junto a sus padres en Tupelo, Misisipi.<\/figcaption><\/figure>\n\n\n\n<p class=\"wp-block-paragraph\">Elvis Aaron tuvo un hermano mellizo, Jesse Garon, que falleci\u00f3 35 minutos antes de su nacimiento, un dolor que tuvo que soportar toda la vida, por lo que de ni\u00f1o fue t\u00edmido y reservado.<\/p>\n\n\n\n<h2 class=\"wp-block-heading\">Las 15:30 del 16 de agosto<\/h2>\n\n\n\n<p class=\"wp-block-paragraph\">Quien enloqueciera a las damas de aquellos a\u00f1os falleci\u00f3 un 16 de agosto a las 15:30 en el Baptist Memorial Hospital, en Memphis, tras ser encontrado inconsciente en el ba\u00f1o de su mansi\u00f3n Graceland, a la edad de 42 a\u00f1os. El motivo m\u00e9dico se\u00f1alaba paro card\u00edaco.<\/p>\n\n\n\n<figure class=\"wp-block-image size-large\"><img loading=\"lazy\" decoding=\"async\" width=\"1224\" height=\"1476\" src=\"https:\/\/24-7.com.py\/wp-content\/uploads\/2026\/08\/elvis-presley-comeback-special-cuero-negro.jpg\" alt=\"Elvis Presley cantando con su traje de cuero negro ante el p\u00fablico\" class=\"wp-image-158\" srcset=\"https:\/\/24-7.com.py\/wp-content\/uploads\/2026\/08\/elvis-presley-comeback-special-cuero-negro.jpg 1224w, https:\/\/24-7.com.py\/wp-content\/uploads\/2026\/08\/elvis-presley-comeback-special-cuero-negro-249x300.jpg 249w, https:\/\/24-7.com.py\/wp-content\/uploads\/2026\/08\/elvis-presley-comeback-special-cuero-negro-849x1024.jpg 849w, https:\/\/24-7.com.py\/wp-content\/uploads\/2026\/08\/elvis-presley-comeback-special-cuero-negro-768x926.jpg 768w\" sizes=\"auto, (max-width: 1224px) 100vw, 1224px\" \/><figcaption class=\"wp-element-caption\">El Rey en escena: la voz, el carisma y el baile que la televisi\u00f3n de 1956 se neg\u00f3 a mostrar de cintura para abajo.<\/figcaption><\/figure>\n\n\n\n<p class=\"wp-block-paragraph\">Un dato curioso se\u00f1ala que cuando sus padres quisieron regalarle una bicicleta, \u00e9l prefiri\u00f3 una guitarra, que fue la primera en su colecci\u00f3n y que tuvo un costo de 13 d\u00f3lares. Quien diera apenas unos pocos conciertos fuera de su pa\u00eds natal sufri\u00f3 la censura en 1956 durante una presentaci\u00f3n televisiva, cuando las c\u00e1maras solo lo enfocaron de cintura para arriba, dejando de mostrar sus bailes audaces para la \u00e9poca.<\/p>\n\n\n\n<h2 class=\"wp-block-heading\">Pan blanco, mantequilla de man\u00ed y una Pepsi<\/h2>\n\n\n\n<p class=\"wp-block-paragraph\">Su aumento de peso era algo que lo ten\u00eda mal al Rey del Rock, pero Elvis disfrutaba de los platos cal\u00f3ricos y sabores intensos, como pan blanco con mantequilla de man\u00ed, bananas y abundantes pancetas. Nunca se negaba a las alb\u00f3ndigas envueltas en tocino o a un buen pur\u00e9 de papas con pollo frito. De postre eleg\u00eda bud\u00edn de banana, torta de coco y helado; todo eso lo hac\u00eda pasar con una Pepsi, caf\u00e9 caliente o leche.<\/p>\n\n\n\n<h2 class=\"wp-block-heading\">Los autos m\u00e1s famosos de Elvis<\/h2>\n\n\n\n<figure class=\"wp-block-image size-large\"><img loading=\"lazy\" decoding=\"async\" width=\"1224\" height=\"796\" src=\"https:\/\/24-7.com.py\/wp-content\/uploads\/2026\/08\/cadillac-fleetwood-rosa-de-elvis-presley.jpg\" alt=\"El Cadillac Fleetwood Serie 60 de 1955 pintado de rosa que Elvis Presley regal\u00f3 a su madre, exhibido en Graceland\" class=\"wp-image-160\" srcset=\"https:\/\/24-7.com.py\/wp-content\/uploads\/2026\/08\/cadillac-fleetwood-rosa-de-elvis-presley.jpg 1224w, https:\/\/24-7.com.py\/wp-content\/uploads\/2026\/08\/cadillac-fleetwood-rosa-de-elvis-presley-300x195.jpg 300w, https:\/\/24-7.com.py\/wp-content\/uploads\/2026\/08\/cadillac-fleetwood-rosa-de-elvis-presley-1024x666.jpg 1024w, https:\/\/24-7.com.py\/wp-content\/uploads\/2026\/08\/cadillac-fleetwood-rosa-de-elvis-presley-768x499.jpg 768w\" sizes=\"auto, (max-width: 1224px) 100vw, 1224px\" \/><figcaption class=\"wp-element-caption\">El Cadillac Fleetwood Serie 60 de 1955, el famoso \u201cCadillac Rosa\u201d que regal\u00f3 a su madre.<\/figcaption><\/figure>\n\n\n\n<ul class=\"wp-block-list\">\n\n<li><strong>Cadillac Fleetwood Serie 60, 1955:<\/strong> el famoso Cadillac Rosa original, regalado a su madre y s\u00edmbolo de su \u00e9xito.<\/li>\n\n\n<li><strong>Cadillac Eldorado Convertible, 1956:<\/strong> modificado a un tono morado \u00fanico tras una an\u00e9cdota con unas uvas.<\/li>\n\n\n<li><strong>BMW 507, 1958:<\/strong> descapotable europeo adquirido durante su servicio militar en Alemania.<\/li>\n\n\n<li><strong>Stutz Blackhawk, 1973:<\/strong> uno de sus \u00faltimos autos favoritos, que sol\u00eda manejar por las calles cercanas a Graceland.<\/li>\n\n\n<li><strong>Rolls-Royce Silver Cloud II, 1960:<\/strong> utilizado para apariciones p\u00fablicas importantes y grandes eventos.<\/li>\n\n<\/ul>\n\n","protected":false},"excerpt":{"rendered":"<p>Un 16 de agosto, a las 15:30, el Rey del Rock and Roll mor\u00eda a los 42 a\u00f1os en Memphis. Grab\u00f3 m\u00e1s de 600 temas sin componer una sola canci\u00f3n, film\u00f3 33 pel\u00edculas y cambi\u00f3 para siempre la m\u00fasica popular.<\/p>\n","protected":false},"author":5,"featured_media":170,"comment_status":"closed","ping_status":"closed","sticky":false,"template":"","format":"standard","meta":{"footnotes":""},"categories":[9,27,24],"tags":[],"personalidad":[],"class_list":["post-166","post","type-post","status-publish","format-standard","has-post-thumbnail","hentry","category-cultura","category-culturales","category-historicos"],"_links":{"self":[{"href":"https:\/\/24-7.com.py\/index.php\/wp-json\/wp\/v2\/posts\/166","targetHints":{"allow":["GET"]}}],"collection":[{"href":"https:\/\/24-7.com.py\/index.php\/wp-json\/wp\/v2\/posts"}],"about":[{"href":"https:\/\/24-7.com.py\/index.php\/wp-json\/wp\/v2\/types\/post"}],"author":[{"embeddable":true,"href":"https:\/\/24-7.com.py\/index.php\/wp-json\/wp\/v2\/users\/5"}],"replies":[{"embeddable":true,"href":"https:\/\/24-7.com.py\/index.php\/wp-json\/wp\/v2\/comments?post=166"}],"version-history":[{"count":1,"href":"https:\/\/24-7.com.py\/index.php\/wp-json\/wp\/v2\/posts\/166\/revisions"}],"predecessor-version":[{"id":534,"href":"https:\/\/24-7.com.py\/index.php\/wp-json\/wp\/v2\/posts\/166\/revisions\/534"}],"wp:featuredmedia":[{"embeddable":true,"href":"https:\/\/24-7.com.py\/index.php\/wp-json\/wp\/v2\/media\/170"}],"wp:attachment":[{"href":"https:\/\/24-7.com.py\/index.php\/wp-json\/wp\/v2\/media?parent=166"}],"wp:term":[{"taxonomy":"category","embeddable":true,"href":"https:\/\/24-7.com.py\/index.php\/wp-json\/wp\/v2\/categories?post=166"},{"taxonomy":"post_tag","embeddable":true,"href":"https:\/\/24-7.com.py\/index.php\/wp-json\/wp\/v2\/tags?post=166"},{"taxonomy":"personalidad","embeddable":true,"href":"https:\/\/24-7.com.py\/index.php\/wp-json\/wp\/v2\/personalidad?post=166"}],"curies":[{"name":"wp","href":"https:\/\/api.w.org\/{rel}","templated":true}]}}