{"id":165,"date":"2026-08-16T09:30:00","date_gmt":"2026-08-16T12:30:00","guid":{"rendered":"https:\/\/24-7.com.py\/index.php\/2026\/08\/16\/la-gestion-resiliente-de-eno-michels-en-la-aps\/"},"modified":"2026-08-16T09:30:00","modified_gmt":"2026-08-16T12:30:00","slug":"la-gestion-resiliente-de-eno-michels-en-la-aps","status":"publish","type":"post","link":"https:\/\/24-7.com.py\/index.php\/2026\/08\/16\/la-gestion-resiliente-de-eno-michels-en-la-aps\/","title":{"rendered":"La gesti\u00f3n resiliente de Eno Michels en la APS"},"content":{"rendered":"\n<p class=\"wp-block-paragraph\"><strong>La historia del asociacionismo agr\u00edcola en Paraguay guarda cap\u00edtulos de profunda transformaci\u00f3n, pero pocos tan complejos como el per\u00edodo 2019-2023. Durante este cuatrienio, la Asociaci\u00f3n de Productores de Soja, Oleaginosas y Cereales del Paraguay (APS) estuvo bajo la presidencia de Eno Michels, un reconocido productor arraigado desde 1994 en Nueva Esperanza, Canindey\u00fa.<\/strong><\/p>\n\n\n\n<p class=\"wp-block-paragraph\">Su administraci\u00f3n no solo coincidi\u00f3 con mudanzas dr\u00e1sticas en los costos de producci\u00f3n y exigencias globales de sostenibilidad, sino que debi\u00f3 timonear dos de las tormentas m\u00e1s perfectas del siglo: la par\u00e1lisis global por la pandemia del COVID-19 y la peor sequ\u00eda de la historia sojera reciente.<\/p>\n\n\n\n<p class=\"wp-block-paragraph\">Michels asumi\u00f3 formalmente el 27 de abril de 2019, tras una asamblea general ordinaria realizada en su propia tierra natal. Lo hizo acompa\u00f1ado por un equipo dirigencial clave \u2014con figuras como Karsten Friedrichsen, Claus Escher, Antonio Galhera y Neivo Fritzen\u2014 que consolid\u00f3 una base institucional duradera.<\/p>\n\n\n\n<figure class=\"wp-block-image size-large\"><img loading=\"lazy\" decoding=\"async\" width=\"730\" height=\"548\" src=\"https:\/\/24-7.com.py\/wp-content\/uploads\/2026\/08\/eno-michels-y-su-esposa-sueli.jpg\" alt=\"Eno Michels junto a su esposa Sueli, fallecida en enero de 2025\" class=\"wp-image-153\" srcset=\"https:\/\/24-7.com.py\/wp-content\/uploads\/2026\/08\/eno-michels-y-su-esposa-sueli.jpg 730w, https:\/\/24-7.com.py\/wp-content\/uploads\/2026\/08\/eno-michels-y-su-esposa-sueli-300x225.jpg 300w\" sizes=\"auto, (max-width: 730px) 100vw, 730px\" \/><figcaption class=\"wp-element-caption\">Eno y su esposa Sueli, fallecida en enero de 2025.<\/figcaption><\/figure>\n\n\n\n<p class=\"wp-block-paragraph\">El punto de partida ya era cuesta arriba: la campa\u00f1a 2018\/2019 arrastraba un desplome de la producci\u00f3n, que cay\u00f3 de los 10 millones de toneladas proyectados a escasos 7,5 millones. Aquella merma del 40% al 50% debilit\u00f3 financieramente a los productores e instal\u00f3 el endeudamiento como el primer gran eje de su discurso gremial.<\/p>\n\n\n\n<h2 class=\"wp-block-heading\">\u201cLa agricultura no puede parar\u201d<\/h2>\n\n\n\n<p class=\"wp-block-paragraph\">Con la llegada del 2020 y la irrupci\u00f3n del COVID-19, la APS bajo el mandato de Michels asumi\u00f3 un rol protag\u00f3nico y de reacci\u00f3n en tiempo real. Aunque los decretos iniciales exceptuaban a la agricultura, los problemas de interpretaci\u00f3n en los controles de la Polic\u00eda Nacional y la Patrulla Caminera amenazaron con frenar la actividad.<\/p>\n\n\n\n<p class=\"wp-block-paragraph\">El gremio intervino con firmeza bajo una premisa innegociable: \u201cLa agricultura no puede parar\u201d. La gesti\u00f3n logr\u00f3 aceitar la log\u00edstica para la circulaci\u00f3n de trabajadores, el traslado de maquinarias, el suministro de insumos y el flujo de las cosechas, posicionando al campo como el motor esencial de la econom\u00eda en un momento de total incertidumbre nacional.<\/p>\n\n\n\n<p class=\"wp-block-paragraph\">Paralelamente, la administraci\u00f3n de Michels impuls\u00f3 una in\u00e9dita dimensi\u00f3n solidaria que vincul\u00f3 al productor con el tejido social.<\/p>\n\n\n\n<figure class=\"wp-block-image size-large\"><img loading=\"lazy\" decoding=\"async\" width=\"721\" height=\"542\" src=\"https:\/\/24-7.com.py\/wp-content\/uploads\/2026\/08\/eno-michels-en-su-chacra-nueva-esperanza.jpg\" alt=\"Eno Michels supervisando trabajos de suelo en su chacra de Nueva Esperanza, Canindey\u00fa\" class=\"wp-image-154\" srcset=\"https:\/\/24-7.com.py\/wp-content\/uploads\/2026\/08\/eno-michels-en-su-chacra-nueva-esperanza.jpg 721w, https:\/\/24-7.com.py\/wp-content\/uploads\/2026\/08\/eno-michels-en-su-chacra-nueva-esperanza-300x226.jpg 300w\" sizes=\"auto, (max-width: 721px) 100vw, 721px\" \/><figcaption class=\"wp-element-caption\">Michels en su chacra, Nueva Esperanza, Canindey\u00fa.<\/figcaption><\/figure>\n\n\n\n<p class=\"wp-block-paragraph\">La APS coordin\u00f3 la donaci\u00f3n y transformaci\u00f3n de 100 toneladas de trigo en harina para Central, Alto Paran\u00e1 y Canindey\u00fa, adem\u00e1s de apoyar ollas populares.<\/p>\n\n\n\n<p class=\"wp-block-paragraph\">El mensaje institucional cal\u00f3 hondo: el agricultor no solo produce para la exportaci\u00f3n, sino que sostiene compromisos humanos con su comunidad. Este doble rol \u2014defensa del sector y auxilio social\u2014 blind\u00f3 la reputaci\u00f3n del gremio ante la opini\u00f3n p\u00fablica.<\/p>\n\n\n\n<h2 class=\"wp-block-heading\">Del productor f\u00edsico al empresario agr\u00edcola<\/h2>\n\n\n\n<p class=\"wp-block-paragraph\">En el plano corporativo, Michels lider\u00f3 gestiones directas ante la Asociaci\u00f3n de Bancos del Paraguay (ASOBAN) y el Banco Central del Paraguay (BCP), reuni\u00e9ndose con su entonces presidente, Jos\u00e9 Cantero Sienra.<\/p>\n\n\n\n<p class=\"wp-block-paragraph\">El objetivo fue exigir flexibilidad y mayores plazos a un sistema financiero al que Michels critic\u00f3 por retacear cr\u00e9ditos en las horas m\u00e1s oscuras.<\/p>\n\n\n\n<p class=\"wp-block-paragraph\">Asimismo, su gesti\u00f3n transform\u00f3 la visi\u00f3n interna del productor, promoviendo capacitaciones en gesti\u00f3n contable, tableros de control y mercados de granos. El norte era claro: convertir al agricultor f\u00edsico en un verdadero empresario agr\u00edcola capaz de dominar costos, riesgos y contratos.<\/p>\n\n\n\n<h2 class=\"wp-block-heading\">La sequ\u00eda que hundi\u00f3 la producci\u00f3n a 3 millones de toneladas<\/h2>\n\n\n\n<p class=\"wp-block-paragraph\">La templanza de la APS volvi\u00f3 a ponerse a prueba durante el ciclo 2021\/2022, cuando una sequ\u00eda extrema y temperaturas r\u00e9cord hundieron la producci\u00f3n a tan solo 3 millones de toneladas.<\/p>\n\n\n\n<p class=\"wp-block-paragraph\">Ante el desastre, Michels enfoc\u00f3 el debate p\u00fablico en el efecto multiplicador de la soja, advirtiendo que la p\u00e9rdida golpeaba por igual a fletes, silos, industrias, comercios y a la recaudaci\u00f3n estatal.<\/p>\n\n\n\n<p class=\"wp-block-paragraph\">Su defensa del libre mercado tambi\u00e9n qued\u00f3 plasmada en el Congreso nacional, donde fren\u00f3 intentos de modificaci\u00f3n legislativa sobre los contratos de entrega futura, defendiendo la autonom\u00eda privada entre productores y exportadores.<\/p>\n\n\n\n<p class=\"wp-block-paragraph\">En sus \u00faltimos a\u00f1os de gesti\u00f3n, Michels proyect\u00f3 la voz del productor paraguayo al plano global, participando en el Di\u00e1logo Internacional de Productores de Oleaginosas en Iowa, Estados Unidos. All\u00ed debati\u00f3 sobre biotecnolog\u00eda, propiedad intelectual y mercados sostenibles, manteniendo la postura hist\u00f3rica de adoptar innovaciones t\u00e9cnicas bajo reglas claras y equitativas para el campo.<\/p>\n\n\n\n<p class=\"wp-block-paragraph\">Hoy, habiendo completado su mandato y traspasado la posta a las nuevas generaciones dirigenciales que \u00e9l mismo ayud\u00f3 a consolidar, Eno Michels ha regresado plenamente a sus ra\u00edces. Sigue siendo socio activo de la APS y trabaja de forma habitual la tierra en su chacra de Nueva Esperanza, dejando atr\u00e1s una de las presidencias m\u00e1s desafiantes y multifac\u00e9ticas en la historia del gremio sojero.<\/p>\n\n\n\n<hr class=\"wp-block-separator has-alpha-channel-opacity\"\/>\n\n\n\n<p class=\"wp-block-paragraph\"><em>(*) Escritor y periodista.<\/em><\/p>\n\n","protected":false},"excerpt":{"rendered":"<p>Entre 2019 y 2023, el productor de Nueva Esperanza presidi\u00f3 la APS y debi\u00f3 timonear dos tormentas perfectas: la par\u00e1lisis global por el COVID-19 y la peor sequ\u00eda de la historia sojera reciente.<\/p>\n","protected":false},"author":4,"featured_media":152,"comment_status":"","ping_status":"","sticky":false,"template":"","format":"standard","meta":{"footnotes":""},"categories":[5,23],"tags":[],"personalidad":[],"class_list":["post-165","post","type-post","status-publish","format-standard","has-post-thumbnail","hentry","category-economia","category-reportajes"],"_links":{"self":[{"href":"https:\/\/24-7.com.py\/index.php\/wp-json\/wp\/v2\/posts\/165","targetHints":{"allow":["GET"]}}],"collection":[{"href":"https:\/\/24-7.com.py\/index.php\/wp-json\/wp\/v2\/posts"}],"about":[{"href":"https:\/\/24-7.com.py\/index.php\/wp-json\/wp\/v2\/types\/post"}],"author":[{"embeddable":true,"href":"https:\/\/24-7.com.py\/index.php\/wp-json\/wp\/v2\/users\/4"}],"replies":[{"embeddable":true,"href":"https:\/\/24-7.com.py\/index.php\/wp-json\/wp\/v2\/comments?post=165"}],"version-history":[{"count":0,"href":"https:\/\/24-7.com.py\/index.php\/wp-json\/wp\/v2\/posts\/165\/revisions"}],"wp:featuredmedia":[{"embeddable":true,"href":"https:\/\/24-7.com.py\/index.php\/wp-json\/wp\/v2\/media\/152"}],"wp:attachment":[{"href":"https:\/\/24-7.com.py\/index.php\/wp-json\/wp\/v2\/media?parent=165"}],"wp:term":[{"taxonomy":"category","embeddable":true,"href":"https:\/\/24-7.com.py\/index.php\/wp-json\/wp\/v2\/categories?post=165"},{"taxonomy":"post_tag","embeddable":true,"href":"https:\/\/24-7.com.py\/index.php\/wp-json\/wp\/v2\/tags?post=165"},{"taxonomy":"personalidad","embeddable":true,"href":"https:\/\/24-7.com.py\/index.php\/wp-json\/wp\/v2\/personalidad?post=165"}],"curies":[{"name":"wp","href":"https:\/\/api.w.org\/{rel}","templated":true}]}}