{"id":162,"date":"2026-08-16T08:30:00","date_gmt":"2026-08-16T11:30:00","guid":{"rendered":"https:\/\/24-7.com.py\/index.php\/2026\/08\/16\/pastor-calixto-filartiga-cardozo\/"},"modified":"2026-08-16T08:30:00","modified_gmt":"2026-08-16T11:30:00","slug":"pastor-calixto-filartiga-cardozo","status":"publish","type":"post","link":"https:\/\/24-7.com.py\/index.php\/2026\/08\/16\/pastor-calixto-filartiga-cardozo\/","title":{"rendered":"Pastor Calixto Fil\u00e1rtiga Cardozo"},"content":{"rendered":"\n<p class=\"wp-block-paragraph\"><strong>Naci\u00f3 en Itaugu\u00e1 el martes 16 de octubre de 1883, hijo de Rafael Fil\u00e1rtiga Toca y Maza y de Petrona Cardozo. Maestro de escuela, agrimensor y l\u00edder campesino, recorr\u00eda toda la comarca a caballo y lleg\u00f3 a ser presidente de la C\u00e1mara de Representantes.<\/strong><\/p>\n\n\n\n<p class=\"wp-block-paragraph\">Pastor Calixto contrajo matrimonio con \u00c9lida del Carmen Candia, nacida en Itaugu\u00e1 el jueves 16 de julio de 1891, hija de Fernanda Candia. \u00c9lida del Carmen fue su alumna, a quien \u201crapt\u00f3\u201d (<em>oka\u00f1y o\u00f1ondiv\u00e9<\/em>), conforme a las costumbres de la \u00e9poca, cuando \u00e9l ten\u00eda 22 a\u00f1os de edad.<\/p>\n\n\n\n<p class=\"wp-block-paragraph\">De la uni\u00f3n de Pastor Calixto y \u00c9lida del Carmen nacieron Elvira (muri\u00f3 al nacer) y Margarita (no naci\u00f3). Los siguientes nacieron en It\u00e1: Lidia Margarita (1912), Carlos An\u00edbal (1914), C\u00e9sar Augusto (1916), Vicente Eladio (1918), Pastor (1920), Sara (1922, muri\u00f3 de viruela negra el a\u00f1o de nacer), Fernando Arturo (1924), Ra\u00fal Alberto (1926) y \u00d3scar Roberto (1928).<\/p>\n\n\n\n<h2 class=\"wp-block-heading\">Prisionero en el Chaco, fugado de Emboscada<\/h2>\n\n\n\n<p class=\"wp-block-paragraph\">En julio de 1908, los liberales radicales liderados por Albino Jara ejecutan un golpe de Estado y desplazan a los c\u00edvicos: Gonz\u00e1lez Navero reemplaza a Ferreira. C\u00edvicos y colorados son apresados, torturados, exiliados algunos, otros enviados a un campo de prisioneros en el Chaco.<\/p>\n\n\n\n<p class=\"wp-block-paragraph\">Fil\u00e1rtiga lleg\u00f3 a Bah\u00eda Negra el d\u00eda que cumpli\u00f3 25 a\u00f1os; de ah\u00ed fue trasladado con los dem\u00e1s al campo de prisioneros de Fort\u00edn Galp\u00f3n. All\u00ed, adem\u00e1s del trabajo duro, el capit\u00e1n Salinas le hizo formar una banda para divertirle. En la banda, Fil\u00e1rtiga tocaba el viol\u00edn; los otros eran Ojeda Fari\u00f1a y Cort\u00e1zar. Luego los trasladaron a Emboscada, de donde se escaparon.<\/p>\n\n\n\n<p class=\"wp-block-paragraph\">En 1909 se pleg\u00f3 a un golpe colorado en \u00d1eembuc\u00fa. Los liberales gubernistas ganaron y \u00e9l huy\u00f3 a Corrientes. All\u00ed fue cajero en una casa comercial durante alrededor de un a\u00f1o. Fue perseguido pol\u00edtico permanentemente; trataron de matarlo un par de veces.<\/p>\n\n\n\n<p class=\"wp-block-paragraph\">Entre tanto, \u00c9lida qued\u00f3 en Itaugu\u00e1. Un tiempo despu\u00e9s de volver Fil\u00e1rtiga, se mudaron a It\u00e1 y trabaj\u00f3 de agrimensor. En 1920, su esposa y \u00e9l compraron la casa de It\u00e1. En 1927 se casaron: la ceremonia religiosa se realiz\u00f3 en la sala de la casa.<\/p>\n\n\n\n<h2 class=\"wp-block-heading\">La banda presidencial y la desilusi\u00f3n<\/h2>\n\n\n\n<p class=\"wp-block-paragraph\">Fue \u00e9l quien le impuso la banda presidencial al general Alfredo Stroessner Matiauda. Con el tiempo, Pastor Fil\u00e1rtiga estuvo disconforme con haberse encargado de la misi\u00f3n referida. En el momento que le impuso la banda termin\u00f3 la anarqu\u00eda, pero despu\u00e9s vendr\u00edan las desilusiones contra Stroessner de no pocos dirigentes colorados.<\/p>\n\n\n\n<p class=\"wp-block-paragraph\">Descendientes consultados afirman que al final de su vida le ca\u00edan l\u00e1grimas por la desilusi\u00f3n que le provoc\u00f3 Stroessner, lament\u00e1ndose sentado en su viejo sill\u00f3n a la sombra de un yvapov\u00f5.<\/p>\n\n\n\n<p class=\"wp-block-paragraph\">Fil\u00e1rtiga se negaba a usar el auto VW que le facilit\u00f3 la C\u00e1mara con servicio de chofer. Ven\u00eda al Parlamento en \u00f3mnibus desde It\u00e1 cuando la ruta era de tierra, de puro barro por Posta Gaona.<\/p>\n\n\n\n<h2 class=\"wp-block-heading\">En la Junta de Gobierno y en la C\u00e1mara<\/h2>\n\n\n\n<p class=\"wp-block-paragraph\">Fue miembro titular de la Junta de Gobierno del Partido Colorado cuando asumi\u00f3 Stroessner a la presidencia de la Rep\u00fablica. Entonces la presidencia de la ANR estuvo a cargo de Tom\u00e1s Romero Pereira.<\/p>\n\n\n\n<p class=\"wp-block-paragraph\">Ocup\u00f3 el cargo de vicepresidente de la Junta e interin\u00f3 la presidencia. Presidi\u00f3 la hist\u00f3rica sesi\u00f3n del 27 de octubre de 1955, oportunidad en que se concret\u00f3 la unidad partidaria. Igualmente presidi\u00f3 la convenci\u00f3n extraordinaria de la ANR, realizada el 19 de septiembre de 1959.<\/p>\n\n\n\n<p class=\"wp-block-paragraph\">Contaba con una s\u00f3lida formaci\u00f3n intelectual, se ce\u00f1\u00eda a los conceptos morales de la \u00e9poca, era un se\u00f1or a quien consultaban sus correligionarios y no correligionarios. Sus opiniones, observaciones y recomendaciones eran respetadas.<\/p>\n\n\n\n<p class=\"wp-block-paragraph\">Ocup\u00f3 el cargo de presidente de la C\u00e1mara de Representantes entre mayo de 1954 y octubre de 1955 (quiz\u00e1 hasta 1958, cuando asumi\u00f3 el nuevo congreso presidido por J. Eulogio Estigarribia). En ese tiempo se sanciona la ley 294 \u201cDe defensa de la democracia\u201d.<\/p>\n\n\n\n<p class=\"wp-block-paragraph\">En mayo de 1957 firm\u00f3, junto a otros dirigentes partidarios, el Acta de Cerro Le\u00f3n, impulsando la reelecci\u00f3n de Stroessner. En febrero de 1958 hubo elecciones presidenciales y parlamentarias, con lista \u00fanica de candidatos: Fil\u00e1rtiga fue candidato n\u00famero 11 en la lista de titulares.<\/p>\n\n\n\n<p class=\"wp-block-paragraph\">En junio de 1959 estuvo del lado de Stroessner en la disoluci\u00f3n del Congreso y la persecuci\u00f3n de correligionarios. En 1963 hubo dos listas y \u00e9l fue candidato n\u00famero 5 en la lista de titulares. En 1968 ya no figur\u00f3 en las listas de senadores y diputados. Tampoco fue convencional en 1967.<\/p>\n\n\n\n<p class=\"wp-block-paragraph\">En varios libros su nombre es destacado. Falleci\u00f3 en It\u00e1 el mi\u00e9rcoles 18 de junio de 1969, a los 86 a\u00f1os de edad, de un infarto. Una calle asuncena lleva su nombre.<\/p>\n\n","protected":false},"excerpt":{"rendered":"<p>Maestro de escuela, agrimensor y l\u00edder campesino, fue prisionero en el Chaco, se fug\u00f3 de Emboscada y lleg\u00f3 a presidir la C\u00e1mara de Representantes. Fue \u00e9l quien le impuso la banda presidencial a Stroessner.<\/p>\n","protected":false},"author":6,"featured_media":156,"comment_status":"","ping_status":"","sticky":false,"template":"","format":"standard","meta":{"footnotes":""},"categories":[25,24,4],"tags":[],"personalidad":[],"class_list":["post-162","post","type-post","status-publish","format-standard","has-post-thumbnail","hentry","category-biografias","category-historicos","category-politica"],"_links":{"self":[{"href":"https:\/\/24-7.com.py\/index.php\/wp-json\/wp\/v2\/posts\/162","targetHints":{"allow":["GET"]}}],"collection":[{"href":"https:\/\/24-7.com.py\/index.php\/wp-json\/wp\/v2\/posts"}],"about":[{"href":"https:\/\/24-7.com.py\/index.php\/wp-json\/wp\/v2\/types\/post"}],"author":[{"embeddable":true,"href":"https:\/\/24-7.com.py\/index.php\/wp-json\/wp\/v2\/users\/6"}],"replies":[{"embeddable":true,"href":"https:\/\/24-7.com.py\/index.php\/wp-json\/wp\/v2\/comments?post=162"}],"version-history":[{"count":0,"href":"https:\/\/24-7.com.py\/index.php\/wp-json\/wp\/v2\/posts\/162\/revisions"}],"wp:featuredmedia":[{"embeddable":true,"href":"https:\/\/24-7.com.py\/index.php\/wp-json\/wp\/v2\/media\/156"}],"wp:attachment":[{"href":"https:\/\/24-7.com.py\/index.php\/wp-json\/wp\/v2\/media?parent=162"}],"wp:term":[{"taxonomy":"category","embeddable":true,"href":"https:\/\/24-7.com.py\/index.php\/wp-json\/wp\/v2\/categories?post=162"},{"taxonomy":"post_tag","embeddable":true,"href":"https:\/\/24-7.com.py\/index.php\/wp-json\/wp\/v2\/tags?post=162"},{"taxonomy":"personalidad","embeddable":true,"href":"https:\/\/24-7.com.py\/index.php\/wp-json\/wp\/v2\/personalidad?post=162"}],"curies":[{"name":"wp","href":"https:\/\/api.w.org\/{rel}","templated":true}]}}